{"id":99799,"date":"2024-08-02T03:38:12","date_gmt":"2024-08-02T03:38:12","guid":{"rendered":"http:\/\/noticiastelered.com\/PortalDNoticias\/?p=99799"},"modified":"2024-08-02T03:38:13","modified_gmt":"2024-08-02T03:38:13","slug":"eduardo-sagastegui-se-preparara-en-espana-rumbo-al-sueno-olimpico","status":"publish","type":"post","link":"http:\/\/noticiastelered.com\/PortalDNoticias\/eduardo-sagastegui-se-preparara-en-espana-rumbo-al-sueno-olimpico\/","title":{"rendered":"Eduardo Sagastegui se preparar\u00e1 en Espa\u00f1a rumbo al sue\u00f1o ol\u00edmpico"},"content":{"rendered":"<p>El judoca tamaulipeco Eduardo Sagastegui Becerra ha decidido empezar su camino rumbo al sue\u00f1o ol\u00edmpico y a finales del mes de agosto, radicar\u00e1 en Espa\u00f1a para prepararse en diferentes dojos de aquel pa\u00eds europeo.<\/p>\n<p>El judoca de 18 a\u00f1os originario de Ciudad Victoria, ha cumplido con un proceso de mucho tiempo con la entrenadora Cecilia Mart\u00ednez, quien lo ha guiado desde peque\u00f1o y as\u00ed ha brillado a nivel nacional y continental desde hace varios a\u00f1os.<\/p>\n<p>Recientemente, Eduardo con el apoyo de su familia tuvo diferentes campamentos en Espa\u00f1a, lugar en el que encontraron una buena \u00e1rea de oportunidad para que \u2018Lalo\u2019 mantenga su preparaci\u00f3n.<\/p>\n<p>En uno de los dojos en los que se preparar\u00e1, se encuentra el reci\u00e9n medallista ol\u00edmpico espa\u00f1ol, Fran Garrig\u00f3s.<\/p>\n<p>El propio atleta tamaulipeco y medallista de oro en los pasados Nacionales CONADE 2024, visit\u00f3 para dar la noticia al director general del INDE Tamaulipas, Manuel Viru\u00e9s, quien lo felicit\u00f3 y le dio su respaldo a nombre del gobernador Am\u00e9rico Villarreal Anaya, para el proceso que iniciar\u00e1 rumbo al sue\u00f1o de Juegos Ol\u00edmpicos.<\/p>\n<p>Adem\u00e1s, Eduardo Sagastegui confirm\u00f3 que antes de partir a Europa, participar\u00e1 en el Campeonato Nacional de Judo que se realizar\u00e1 en Veracruz del 2 al 4 de agosto.<\/p>\n<p>Posteriormente viajar\u00e1 a Rep\u00fablica Dominicana para participar en la Copa Panamericana a partir del 10 de agosto; estos torneos suman puntos al ranking internacional juvenil que ser\u00e1 tomado en cuenta para clasificar a judocas a los Juegos Panamericanos Junior del 2025.<\/p>\n<p>El Gobierno de Tamaulipas a trav\u00e9s del Instituto del Deporte, seguir\u00e1 con el seguimiento y apoyo a las y los atletas para que tengan un desarrollo deportivo \u00f3ptimo y destaquen a nivel nacional e internacional.<br \/>\n<!-- Composite Start --><\/p>\n<div id=\"M240110ScriptRootC290005\">\n<div id=\"M240110PreloadC290005\"> Loading&#8230;<\/div>\n<p><script> (function(){ var D=new Date(),d=document,b='body',ce='createElement',ac='appendChild',st='style',ds='display',n='none',gi='getElementById',lp=d.location.protocol,wp=lp.indexOf('http')==0?lp:'https:'; var i=d[ce]('iframe');i[st][ds]=n;d[gi](\"M240110ScriptRootC290005\")[ac](i);try{var iw=i.contentWindow.document;iw.open();iw.writeln(\"<ht\"+\"ml><bo\"+\"dy><\/bo\"+\"dy><\/ht\"+\"ml>\");iw.close();var c=iw[b];} catch(e){var iw=d;var c=d[gi](\"M240110ScriptRootC290005\");}var dv=iw[ce]('div');dv.id=\"MG_ID\";dv[st][ds]=n;dv.innerHTML=290005;c[ac](dv); var s=iw[ce]('script');s.async='async';s.defer='defer';s.charset='utf-8';s.src=wp+\"\/\/jsc.mgid.com\/n\/o\/noticiastelered.com.290005.js?t=\"+D.getYear()+D.getMonth()+D.getUTCDate()+D.getUTCHours();c[ac](s);})(); <\/script><\/p>\n<\/div>\n","protected":false},"excerpt":{"rendered":"<p>El judoca tamaulipeco Eduardo Sagastegui Becerra ha decidido empezar su camino rumbo al sue\u00f1o ol\u00edmpico y a finales del mes de agosto, radicar\u00e1 en Espa\u00f1a para prepararse en diferentes dojos de aquel pa\u00eds europeo. El judoca de 18 a\u00f1os originario [&hellip;]<\/p>\n","protected":false},"author":7,"featured_media":99802,"comment_status":"open","ping_status":"open","sticky":false,"template":"","format":"standard","meta":[],"categories":[59],"tags":[],"_links":{"self":[{"href":"http:\/\/noticiastelered.com\/PortalDNoticias\/wp-json\/wp\/v2\/posts\/99799"}],"collection":[{"href":"http:\/\/noticiastelered.com\/PortalDNoticias\/wp-json\/wp\/v2\/posts"}],"about":[{"href":"http:\/\/noticiastelered.com\/PortalDNoticias\/wp-json\/wp\/v2\/types\/post"}],"author":[{"embeddable":true,"href":"http:\/\/noticiastelered.com\/PortalDNoticias\/wp-json\/wp\/v2\/users\/7"}],"replies":[{"embeddable":true,"href":"http:\/\/noticiastelered.com\/PortalDNoticias\/wp-json\/wp\/v2\/comments?post=99799"}],"version-history":[{"count":1,"href":"http:\/\/noticiastelered.com\/PortalDNoticias\/wp-json\/wp\/v2\/posts\/99799\/revisions"}],"predecessor-version":[{"id":99803,"href":"http:\/\/noticiastelered.com\/PortalDNoticias\/wp-json\/wp\/v2\/posts\/99799\/revisions\/99803"}],"wp:featuredmedia":[{"embeddable":true,"href":"http:\/\/noticiastelered.com\/PortalDNoticias\/wp-json\/wp\/v2\/media\/99802"}],"wp:attachment":[{"href":"http:\/\/noticiastelered.com\/PortalDNoticias\/wp-json\/wp\/v2\/media?parent=99799"}],"wp:term":[{"taxonomy":"category","embeddable":true,"href":"http:\/\/noticiastelered.com\/PortalDNoticias\/wp-json\/wp\/v2\/categories?post=99799"},{"taxonomy":"post_tag","embeddable":true,"href":"http:\/\/noticiastelered.com\/PortalDNoticias\/wp-json\/wp\/v2\/tags?post=99799"}],"curies":[{"name":"wp","href":"https:\/\/api.w.org\/{rel}","templated":true}]}}