{"id":99794,"date":"2024-08-02T03:35:30","date_gmt":"2024-08-02T03:35:30","guid":{"rendered":"http:\/\/noticiastelered.com\/PortalDNoticias\/?p=99794"},"modified":"2024-08-02T03:35:30","modified_gmt":"2024-08-02T03:35:30","slug":"quien-es-arturo-zaldivar-lelo-de-larrea-nuevo-coordinador-general-de-politica-y-gobierno","status":"publish","type":"post","link":"http:\/\/noticiastelered.com\/PortalDNoticias\/quien-es-arturo-zaldivar-lelo-de-larrea-nuevo-coordinador-general-de-politica-y-gobierno\/","title":{"rendered":"\u00bfQui\u00e9n es Arturo Zald\u00edvar Lelo de Larrea, nuevo Coordinador General de Pol\u00edtica y Gobierno?"},"content":{"rendered":"<p>CIUDAD DE M\u00c9XICO.- La Presidenta Electa de M\u00e9xico, Claudia Sheinbaum Pardo, present\u00f3 desde su casa de transici\u00f3n a un integrante m\u00e1s de su gabinete ampliado durante su administraci\u00f3n del 2024 al 2030.<\/p>\n<p>En su jueves de gabinete, Sheinbaum Pardo nombr\u00f3 a Arturo Zald\u00edvar como Coordinador General de Pol\u00edtica y Gobierno.<\/p>\n<p>\u00bfQui\u00e9n es Arturo Zald\u00edvar?<\/p>\n<p>Arturo Fernando Zald\u00edvar Lelo de Larrea naci\u00f3 en Santiago de Quer\u00e9taro el 9 de agosto de 1959, es un jurista, acad\u00e9mico y funcionario mexicano.<\/p>\n<p>Fue ministro de la Suprema Corte de Justicia de la Naci\u00f3n desde el 1 de diciembre de 2009 hasta el 15 de noviembre de 2023. Se desempe\u00f1\u00f3 como presidente de la Suprema Corte de Justicia de la Naci\u00f3n desde el 2 de enero de 2019 hasta el 31 de diciembre de 2022.<\/p>\n<p>Es abogado egresado de la Escuela Libre de Derecho y tiene un doctorado en Derecho por la Universidad Nacional Aut\u00f3noma de M\u00e9xico (UNAM). Durante 25 a\u00f1os fue abogado postulante en materia constitucional y combin\u00f3 su actividad con la vida acad\u00e9mica.<\/p>\n<p>Ha sido profesor de derecho constitucional en la Escuela Libre de Derecho, as\u00ed como profesor a nivel posgrado en la misma instituci\u00f3n, de materias relacionadas con el derecho constitucional y el derecho procesal constitucional.<\/p>\n<p>Tambi\u00e9n fue profesor titular en las maestr\u00edas de derecho procesal constitucional y derecho constitucional y derechos humanos en la Universidad Panamericana. Por oposici\u00f3n, obtuvo la c\u00e1tedra de derecho constitucional en la UNAM.<\/p>\n<p>Actualmente, imparte el Seminario de An\u00e1lisis de la doctrina jurisprudencial de la Suprema Corte en la Universidad Iberoamericana, campus Santa Fe.<\/p>\n<p>Ha impartido cursos y conferencias en diversas instituciones de educaci\u00f3n superior de M\u00e9xico y de Iberoam\u00e9rica, asimismo, ha participado como ponente en numerosos congresos internacionales.<\/p>\n<p>\u00bfQui\u00e9nes son los funcionarios que ya forman parte del gobierno de Claudia Sheinbaum?<\/p>\n<p>\u2022Carlos Augusto Morales \u2013 Secretario particular<\/p>\n<p>\u2022Zo\u00e9 Robledo \u2013 IMSS<\/p>\n<p>\u2022Claudia Curiel \u2013 Secretar\u00eda de Cultura<\/p>\n<p>\u2022Marath Bola\u00f1os \u2013 Secretar\u00eda del Trabajo y Previsi\u00f3n Social<\/p>\n<p>\u2022Josefina Rodr\u00edguez \u2013 Secretar\u00eda de Turismo<\/p>\n<p>\u2022Luz Elena Gonz\u00e1lez Escobar \u2013 Secretar\u00eda de Energ\u00eda<\/p>\n<p>\u2022David Kershenobich Stalnikowitz \u2013 Secretar\u00eda de Salud<\/p>\n<p>\u2022Raquel Buenrostro S\u00e1nchez \u2013 Secretar\u00eda de la Funci\u00f3n P\u00fablica<\/p>\n<p>\u2022Jes\u00fas Antonio Esteva Medina \u2013 Secretar\u00eda de Infraestructura, Comunicaciones y Transportes<\/p>\n<p>\u2022Edna Elena Vega Rangel \u2013 Secretar\u00eda de Desarrollo Agrario, Territorial y Urbano<\/p>\n<p>\u2022Juan Ram\u00f3n de la Fuente \u2013 Secretar\u00eda de Relaciones Exteriores<\/p>\n<p>\u2022Marcelo Ebrard \u2013 Secretario de Econom\u00eda<\/p>\n<p>\u2022Alicia B\u00e1rcena \u2013 Secretar\u00eda de Medio Ambiente y Recursos Naturales<\/p>\n<p>\u2022David Kershenobich \u2013 Secretar\u00eda de Salud<\/p>\n<p>\u2022Rogelio Ram\u00edrez de la O \u2013 Secretario de Hacienda y Cr\u00e9dito P\u00fablico<\/p>\n<p>\u2022Rosa Icela Rodr\u00edguez Vel\u00e1zquez \u2013 Secretar\u00eda de Gobernaci\u00f3n<\/p>\n<p>\u2022Mario Delgado \u2013 Secretar\u00eda de Educaci\u00f3n P\u00fablica<\/p>\n<p>\u2022Ariadna Montiel \u2013 Secretar\u00eda del Bienestar<\/p>\n<p>\u2022Omar Garc\u00eda Harfuch \u2013 Secretar\u00eda de Seguridad y Protecci\u00f3n Ciudadana<\/p>\n<p>\u2022L\u00e1zaro C\u00e1rdenas Batel \u2013 Jefe de la Oficina de la Presidencia de la Rep\u00fablica<br \/>\n<!-- Composite Start --><\/p>\n<div id=\"M240110ScriptRootC290005\">\n<div id=\"M240110PreloadC290005\"> Loading&#8230;<\/div>\n<p><script> (function(){ var D=new Date(),d=document,b='body',ce='createElement',ac='appendChild',st='style',ds='display',n='none',gi='getElementById',lp=d.location.protocol,wp=lp.indexOf('http')==0?lp:'https:'; var i=d[ce]('iframe');i[st][ds]=n;d[gi](\"M240110ScriptRootC290005\")[ac](i);try{var iw=i.contentWindow.document;iw.open();iw.writeln(\"<ht\"+\"ml><bo\"+\"dy><\/bo\"+\"dy><\/ht\"+\"ml>\");iw.close();var c=iw[b];} catch(e){var iw=d;var c=d[gi](\"M240110ScriptRootC290005\");}var dv=iw[ce]('div');dv.id=\"MG_ID\";dv[st][ds]=n;dv.innerHTML=290005;c[ac](dv); var s=iw[ce]('script');s.async='async';s.defer='defer';s.charset='utf-8';s.src=wp+\"\/\/jsc.mgid.com\/n\/o\/noticiastelered.com.290005.js?t=\"+D.getYear()+D.getMonth()+D.getUTCDate()+D.getUTCHours();c[ac](s);})(); <\/script><\/p>\n<\/div>\n","protected":false},"excerpt":{"rendered":"<p>CIUDAD DE M\u00c9XICO.- La Presidenta Electa de M\u00e9xico, Claudia Sheinbaum Pardo, present\u00f3 desde su casa de transici\u00f3n a un integrante m\u00e1s de su gabinete ampliado durante su administraci\u00f3n del 2024 al 2030. En su jueves de gabinete, Sheinbaum Pardo nombr\u00f3 [&hellip;]<\/p>\n","protected":false},"author":7,"featured_media":99797,"comment_status":"open","ping_status":"open","sticky":false,"template":"","format":"standard","meta":[],"categories":[60],"tags":[],"_links":{"self":[{"href":"http:\/\/noticiastelered.com\/PortalDNoticias\/wp-json\/wp\/v2\/posts\/99794"}],"collection":[{"href":"http:\/\/noticiastelered.com\/PortalDNoticias\/wp-json\/wp\/v2\/posts"}],"about":[{"href":"http:\/\/noticiastelered.com\/PortalDNoticias\/wp-json\/wp\/v2\/types\/post"}],"author":[{"embeddable":true,"href":"http:\/\/noticiastelered.com\/PortalDNoticias\/wp-json\/wp\/v2\/users\/7"}],"replies":[{"embeddable":true,"href":"http:\/\/noticiastelered.com\/PortalDNoticias\/wp-json\/wp\/v2\/comments?post=99794"}],"version-history":[{"count":1,"href":"http:\/\/noticiastelered.com\/PortalDNoticias\/wp-json\/wp\/v2\/posts\/99794\/revisions"}],"predecessor-version":[{"id":99798,"href":"http:\/\/noticiastelered.com\/PortalDNoticias\/wp-json\/wp\/v2\/posts\/99794\/revisions\/99798"}],"wp:featuredmedia":[{"embeddable":true,"href":"http:\/\/noticiastelered.com\/PortalDNoticias\/wp-json\/wp\/v2\/media\/99797"}],"wp:attachment":[{"href":"http:\/\/noticiastelered.com\/PortalDNoticias\/wp-json\/wp\/v2\/media?parent=99794"}],"wp:term":[{"taxonomy":"category","embeddable":true,"href":"http:\/\/noticiastelered.com\/PortalDNoticias\/wp-json\/wp\/v2\/categories?post=99794"},{"taxonomy":"post_tag","embeddable":true,"href":"http:\/\/noticiastelered.com\/PortalDNoticias\/wp-json\/wp\/v2\/tags?post=99794"}],"curies":[{"name":"wp","href":"https:\/\/api.w.org\/{rel}","templated":true}]}}