{"id":99789,"date":"2024-08-02T03:33:45","date_gmt":"2024-08-02T03:33:45","guid":{"rendered":"http:\/\/noticiastelered.com\/PortalDNoticias\/?p=99789"},"modified":"2024-08-02T03:33:47","modified_gmt":"2024-08-02T03:33:47","slug":"claudia-sheinbaum-confirma-que-como-presidenta-de-mexico-si-dara-conferencias-informativas-como-lo-hace-amlo","status":"publish","type":"post","link":"http:\/\/noticiastelered.com\/PortalDNoticias\/claudia-sheinbaum-confirma-que-como-presidenta-de-mexico-si-dara-conferencias-informativas-como-lo-hace-amlo\/","title":{"rendered":"Claudia Sheinbaum confirma que como Presidenta de M\u00e9xico s\u00ed dar\u00e1 conferencias informativas como lo hace AMLO"},"content":{"rendered":"<p>CIUDAD DE M\u00c9XICO.- La virtual presidenta electa, Claudia Sheinbaum, dio a conocer una encuesta que se realiz\u00f3 para saber la opini\u00f3n de los ciudadanos, si les gustar\u00eda que diera conferencias informativas como lo hace el presidente Andr\u00e9s Manuel L\u00f3pez Obrador.<\/p>\n<p>Durante la presentaci\u00f3n de nuevos integrantes para su gabinete ampliado, la doctora Sheinbaum Pardo dijo que la encuesta se hizo a nivel nacional y se pregunt\u00f3: \u00bfCada cu\u00e1nto le gustar\u00eda que la presidenta realice conferencias informativas?<\/p>\n<p>El resultado arroj\u00f3 que diario 33 por ciento, dos veces por semana 25.9 por ciento y una vez por semana 28.2 por ciento. Si la presidenta informa todos los d\u00edas: \u00bfA qu\u00e9 hora le gustar\u00eda que fueran las conferencias?<\/p>\n<p>\u202207:00 a 09:00 horas: 45.1 por ciento<\/p>\n<p>\u202209:00 a 11:00 horas 11.6 por ciento<\/p>\n<p>\u202212:00 a 14:00 horas: 6 por ciento<\/p>\n<p>\u202216:00 a 18:00 horas 8 por ciento<\/p>\n<p>Entre los temas que se abordar\u00edan en las conferencias informativas, a la gente le interesar\u00eda saber sobre: seguridad 33 por ciento, salud 16 por ciento, econom\u00eda 12.3 por ciento, educaci\u00f3n 11.2 por ciento, programas sociales 6.4 por ciento, obras e infraestructura 3.8 por ciento, protecci\u00f3n Civil 3 por ciento y temas pol\u00edticos 1.7 por ciento.<\/p>\n<p>\u00bfQu\u00e9 debe tener la conferencia informativa de la presidenta Claudia Sheinbaum?<\/p>\n<p>\u2022Contenido educativo y cient\u00edfico 61.8 por ciento<\/p>\n<p>\u2022Secci\u00f3n de tradici\u00f3n y cultura 32.5 por ciento<\/p>\n<p>\u2022Historia 21 por ciento<\/p>\n<p>\u2022M\u00fasica arte y entretenimiento 18.2 por ciento<\/p>\n<p>\u2022Ninguna debe ser solo contenido informativo 7.7 y otro 4.5 por ciento<\/p>\n<p>Y cuestionada sobre si las conferencias serian un hecho, la virtual presidenta electa asegur\u00f3 que s\u00ed.<br \/>\n<!-- Composite Start --><\/p>\n<div id=\"M240110ScriptRootC290005\">\n<div id=\"M240110PreloadC290005\"> Loading&#8230;<\/div>\n<p><script> (function(){ var D=new Date(),d=document,b='body',ce='createElement',ac='appendChild',st='style',ds='display',n='none',gi='getElementById',lp=d.location.protocol,wp=lp.indexOf('http')==0?lp:'https:'; var i=d[ce]('iframe');i[st][ds]=n;d[gi](\"M240110ScriptRootC290005\")[ac](i);try{var iw=i.contentWindow.document;iw.open();iw.writeln(\"<ht\"+\"ml><bo\"+\"dy><\/bo\"+\"dy><\/ht\"+\"ml>\");iw.close();var c=iw[b];} catch(e){var iw=d;var c=d[gi](\"M240110ScriptRootC290005\");}var dv=iw[ce]('div');dv.id=\"MG_ID\";dv[st][ds]=n;dv.innerHTML=290005;c[ac](dv); var s=iw[ce]('script');s.async='async';s.defer='defer';s.charset='utf-8';s.src=wp+\"\/\/jsc.mgid.com\/n\/o\/noticiastelered.com.290005.js?t=\"+D.getYear()+D.getMonth()+D.getUTCDate()+D.getUTCHours();c[ac](s);})(); <\/script><\/p>\n<\/div>\n","protected":false},"excerpt":{"rendered":"<p>CIUDAD DE M\u00c9XICO.- La virtual presidenta electa, Claudia Sheinbaum, dio a conocer una encuesta que se realiz\u00f3 para saber la opini\u00f3n de los ciudadanos, si les gustar\u00eda que diera conferencias informativas como lo hace el presidente Andr\u00e9s Manuel L\u00f3pez Obrador. [&hellip;]<\/p>\n","protected":false},"author":7,"featured_media":99792,"comment_status":"open","ping_status":"open","sticky":false,"template":"","format":"standard","meta":[],"categories":[60],"tags":[],"_links":{"self":[{"href":"http:\/\/noticiastelered.com\/PortalDNoticias\/wp-json\/wp\/v2\/posts\/99789"}],"collection":[{"href":"http:\/\/noticiastelered.com\/PortalDNoticias\/wp-json\/wp\/v2\/posts"}],"about":[{"href":"http:\/\/noticiastelered.com\/PortalDNoticias\/wp-json\/wp\/v2\/types\/post"}],"author":[{"embeddable":true,"href":"http:\/\/noticiastelered.com\/PortalDNoticias\/wp-json\/wp\/v2\/users\/7"}],"replies":[{"embeddable":true,"href":"http:\/\/noticiastelered.com\/PortalDNoticias\/wp-json\/wp\/v2\/comments?post=99789"}],"version-history":[{"count":1,"href":"http:\/\/noticiastelered.com\/PortalDNoticias\/wp-json\/wp\/v2\/posts\/99789\/revisions"}],"predecessor-version":[{"id":99793,"href":"http:\/\/noticiastelered.com\/PortalDNoticias\/wp-json\/wp\/v2\/posts\/99789\/revisions\/99793"}],"wp:featuredmedia":[{"embeddable":true,"href":"http:\/\/noticiastelered.com\/PortalDNoticias\/wp-json\/wp\/v2\/media\/99792"}],"wp:attachment":[{"href":"http:\/\/noticiastelered.com\/PortalDNoticias\/wp-json\/wp\/v2\/media?parent=99789"}],"wp:term":[{"taxonomy":"category","embeddable":true,"href":"http:\/\/noticiastelered.com\/PortalDNoticias\/wp-json\/wp\/v2\/categories?post=99789"},{"taxonomy":"post_tag","embeddable":true,"href":"http:\/\/noticiastelered.com\/PortalDNoticias\/wp-json\/wp\/v2\/tags?post=99789"}],"curies":[{"name":"wp","href":"https:\/\/api.w.org\/{rel}","templated":true}]}}