{"id":99353,"date":"2024-07-28T10:24:31","date_gmt":"2024-07-28T10:24:31","guid":{"rendered":"http:\/\/noticiastelered.com\/PortalDNoticias\/?p=99353"},"modified":"2024-07-28T10:24:32","modified_gmt":"2024-07-28T10:24:32","slug":"shanik-insinua-que-fernando-colunga-es-gay-y-se-vuelve-tendencia-en-las-redes-sociales","status":"publish","type":"post","link":"http:\/\/noticiastelered.com\/PortalDNoticias\/shanik-insinua-que-fernando-colunga-es-gay-y-se-vuelve-tendencia-en-las-redes-sociales\/","title":{"rendered":"Shanik insin\u00faa que Fernando Colunga es gay y se vuelve tendencia en las redes sociales"},"content":{"rendered":"<p>M\u00c9XICO.- Shanik Berman es una de las periodistas de espect\u00e1culos m\u00e1s reconocidas, adem\u00e1s de que en La Casa de los Famosos ha causado mucho revuelo por las declaraciones que ha hecho, entre las cuales ha pasado a \u201cafectar\u201d a Marco Antonio Regil, pero en esta ocasi\u00f3n se volvi\u00f3 tendencia  porque \u201cinsinu\u00f3\u201d que Fernando Colunga es gay, lo cual desat\u00f3 mucho revuelo en redes sociales.<\/p>\n<p>Pese a todo el esc\u00e1ndalo que causa, la periodista fue nominada el pasado 24 de julio. Esta noticia se la dio Galilea Montijo y en ese momento se mostr\u00f3 estoica, aunque m\u00e1s tarde dej\u00f3 ver que estaba muy triste por poder salir de La Casa de los Famosos. Sin embargo, en redes sociales creen que se mantendr\u00e1, pues con lo que dice siempre causa pol\u00e9mica y da mucho contenido para el reality show.<\/p>\n<p>Fernando<\/p>\n<p>\u00bfQu\u00e9 dijo Shanik Berman?<br \/>\nEn una pl\u00e1tica grupal, platicaron sobre este tema, Adri\u00e1n Marcelo le pregunt\u00f3 a la comunicadora sobre la orientaci\u00f3n sexual de Colunga, pero ella dej\u00f3 entrever con sus gestos que era gay. Esto no lo confirm\u00f3, pero fue suficiente para que en las redes sociales explotara como p\u00f3lvora. Hasta el momento, Fernando no ha comentado nada.<\/p>\n<p>Tambi\u00e9n habl\u00f3 de Marco Antonio Regil<br \/>\nBerman afirm\u00f3 que la solter\u00eda de Marco Antonio Regil est\u00e1 ligada a la estrecha relaci\u00f3n que manten\u00eda con su madre, Irma S\u00e1nchez Mayans. \u201cMarco Antonio Regil tuvo muchos hermanos grandes y \u00e9l era el chiquito, y la mam\u00e1 le dice: \u2018T\u00fa eres mi novio\u2019. Entonces lo presentaba: \u2018\u00c9l es mi novio. \u00c9l es mi pareja\u201d, dijo con mucha seguridad la comunicadora.<\/p>\n<p>Colunga<br \/>\nLas palabras de Shanik Berman no tardaron en llegar a o\u00eddos de Marco Antonio Regil, quien r\u00e1pidamente desminti\u00f3 las afirmaciones. \u201cNo s\u00e9 si sea psic\u00f3loga, si le dio terapia a mi mam\u00e1 o a m\u00ed porque si no pues nada m\u00e1s anda inventando para que le vaya bien en el show\u2026 Anda muy afectada dentro del reality. No tiene ni pies ni cabeza lo que est\u00e1 diciendo. Mi mam\u00e1 ya falleci\u00f3 y no es para andarla metiendo en chismes\u201d, dijo entre risas.<br \/>\n<!-- Composite Start --><\/p>\n<div id=\"M240110ScriptRootC290005\">\n<div id=\"M240110PreloadC290005\"> Loading&#8230;<\/div>\n<p><script> (function(){ var D=new Date(),d=document,b='body',ce='createElement',ac='appendChild',st='style',ds='display',n='none',gi='getElementById',lp=d.location.protocol,wp=lp.indexOf('http')==0?lp:'https:'; var i=d[ce]('iframe');i[st][ds]=n;d[gi](\"M240110ScriptRootC290005\")[ac](i);try{var iw=i.contentWindow.document;iw.open();iw.writeln(\"<ht\"+\"ml><bo\"+\"dy><\/bo\"+\"dy><\/ht\"+\"ml>\");iw.close();var c=iw[b];} catch(e){var iw=d;var c=d[gi](\"M240110ScriptRootC290005\");}var dv=iw[ce]('div');dv.id=\"MG_ID\";dv[st][ds]=n;dv.innerHTML=290005;c[ac](dv); var s=iw[ce]('script');s.async='async';s.defer='defer';s.charset='utf-8';s.src=wp+\"\/\/jsc.mgid.com\/n\/o\/noticiastelered.com.290005.js?t=\"+D.getYear()+D.getMonth()+D.getUTCDate()+D.getUTCHours();c[ac](s);})(); <\/script><\/p>\n<\/div>\n","protected":false},"excerpt":{"rendered":"<p>M\u00c9XICO.- Shanik Berman es una de las periodistas de espect\u00e1culos m\u00e1s reconocidas, adem\u00e1s de que en La Casa de los Famosos ha causado mucho revuelo por las declaraciones que ha hecho, entre las cuales ha pasado a \u201cafectar\u201d a Marco [&hellip;]<\/p>\n","protected":false},"author":7,"featured_media":99356,"comment_status":"open","ping_status":"open","sticky":false,"template":"","format":"standard","meta":[],"categories":[66],"tags":[],"_links":{"self":[{"href":"http:\/\/noticiastelered.com\/PortalDNoticias\/wp-json\/wp\/v2\/posts\/99353"}],"collection":[{"href":"http:\/\/noticiastelered.com\/PortalDNoticias\/wp-json\/wp\/v2\/posts"}],"about":[{"href":"http:\/\/noticiastelered.com\/PortalDNoticias\/wp-json\/wp\/v2\/types\/post"}],"author":[{"embeddable":true,"href":"http:\/\/noticiastelered.com\/PortalDNoticias\/wp-json\/wp\/v2\/users\/7"}],"replies":[{"embeddable":true,"href":"http:\/\/noticiastelered.com\/PortalDNoticias\/wp-json\/wp\/v2\/comments?post=99353"}],"version-history":[{"count":1,"href":"http:\/\/noticiastelered.com\/PortalDNoticias\/wp-json\/wp\/v2\/posts\/99353\/revisions"}],"predecessor-version":[{"id":99357,"href":"http:\/\/noticiastelered.com\/PortalDNoticias\/wp-json\/wp\/v2\/posts\/99353\/revisions\/99357"}],"wp:featuredmedia":[{"embeddable":true,"href":"http:\/\/noticiastelered.com\/PortalDNoticias\/wp-json\/wp\/v2\/media\/99356"}],"wp:attachment":[{"href":"http:\/\/noticiastelered.com\/PortalDNoticias\/wp-json\/wp\/v2\/media?parent=99353"}],"wp:term":[{"taxonomy":"category","embeddable":true,"href":"http:\/\/noticiastelered.com\/PortalDNoticias\/wp-json\/wp\/v2\/categories?post=99353"},{"taxonomy":"post_tag","embeddable":true,"href":"http:\/\/noticiastelered.com\/PortalDNoticias\/wp-json\/wp\/v2\/tags?post=99353"}],"curies":[{"name":"wp","href":"https:\/\/api.w.org\/{rel}","templated":true}]}}