{"id":98938,"date":"2024-07-22T06:10:24","date_gmt":"2024-07-22T06:10:24","guid":{"rendered":"http:\/\/noticiastelered.com\/PortalDNoticias\/?p=98938"},"modified":"2024-07-22T06:10:25","modified_gmt":"2024-07-22T06:10:25","slug":"adios-a-la-reeleccion","status":"publish","type":"post","link":"http:\/\/noticiastelered.com\/PortalDNoticias\/adios-a-la-reeleccion\/","title":{"rendered":"Adi\u00f3s a la reelecci\u00f3n"},"content":{"rendered":"<p>TAMAULIPAS, M\u00c9XICO.- Los alcaldes y legisladores electos de Tamaulipas que ganaron en las urnas este 2 de junio no podr\u00e1n aspirar a un periodo m\u00e1s al frente de sus responsabilidades, si se aprueba la reforma propuesta por Claudia Sheinbaum y que ser\u00e1 discutida a partir de septiembre en el Congreso de la Uni\u00f3n.<\/p>\n<p>La iniciativa es muy sencilla: plantea regresar a la redacci\u00f3n constitucional de 1917 que prohib\u00eda la reelecci\u00f3n en todos los cargos de elecci\u00f3n popular, hasta el 2014 cuando se abri\u00f3 la posibilidad a los alcaldes, diputados locales, diputados federales y senadores, sin contemplar a gobernadores y al Presidente de la Rep\u00fablica.<\/p>\n<p>La iniciativa plantea que tampoco podr\u00edan reelegirse para un periodo consecutivo suplentes que hayan tomado posesi\u00f3n del cargo por alguna raz\u00f3n. Sheinbaum ya envi\u00f3 el documento a la Secretar\u00eda de Gobernaci\u00f3n a fin de que realice el tr\u00e1mite correspondiente, para que sean entregadas al Congreso de la Uni\u00f3n.<\/p>\n<p>La C\u00e1mara de Diputados podr\u00eda ser la c\u00e1mara de origen. \u201cHay diputados que participan en una Legislatura, despu\u00e9s dejan su Legislatura y tienen la posibilidad de en otra ocasi\u00f3n volver a competir. El asunto es la reelecci\u00f3n directa y ah\u00ed la gran mayor\u00eda del pueblo de M\u00e9xico no est\u00e1 de acuerdo con ello\u201d, coment\u00f3 durante una conferencia de prensa.<\/p>\n<p>En el caso de Tamaulipas, habr\u00edan sido apenas seis a\u00f1os de vigencia de esta norma que habilit\u00f3 a ediles y legisladores a buscar la reelecci\u00f3n.<\/p>\n<p>La medida propuesta por la presidenta electa modifica las hojas de ruta de los pol\u00edticos que podr\u00edan haber contemplado en sus proyectos competir por un periodo m\u00e1s.<\/p>\n<p>El primer proceso electoral en el que los tamaulipecos pudieron votar por la reelecci\u00f3n fue el del 2018, y los resultados fueron en general positivos para quienes lo intentaron.<\/p>\n<p>En esa elecci\u00f3n, 24 de los 43 presidentes municipales del estado se postularon para quedarse un trienio m\u00e1s al frente del ayuntamiento, despu\u00e9s de un periodo in\u00e9dito de solo dos a\u00f1os, para empatar la elecci\u00f3n local con la federal. De esos 24, la mitad logr\u00f3 la reelecci\u00f3n.<\/p>\n<p>As\u00ed, prolongaron su presidencia ediles panistas como Maki Ortiz en Reynosa, Enrique Rivas en Nuevo Laredo, Alma Laura Ampar\u00e1n en Altamira.<\/p>\n<p>Otros municipios donde hubo reelecci\u00f3n fueron Abasolo, Antiguo Morelos, Bustamente, G\u00f3mez Far\u00edas, Llera, Gonz\u00e1lez y Mier. Los alcaldes que perdieron su reelecci\u00f3n en las urnas fueron Jes\u00fas de la Garza D\u00edaz del Guante, de Matamoros; Andr\u00e9s Zorrilla de Madero; y Magda Peraza de Tampico.<\/p>\n<p>En esos tres casos, resultaron ganadores candidatos que a la postre, tres a\u00f1os despu\u00e9s, lograron ser reelectos: Mario L\u00f3pez, Adri\u00e1n Oseguera y Jes\u00fas Nader.<\/p>\n<p>En el 2019 vino una in\u00e9dita elecci\u00f3n en la que solo se compiti\u00f3 por la renovaci\u00f3n del Congreso local, en la que solo seis diputados buscaron su reelecci\u00f3n, y tres de ellos la consiguieron.<\/p>\n<p>En la siguiente elecci\u00f3n de alcaldes (2021) se redujo dr\u00e1sticamente el n\u00famero de alcaldes que buscaron y lograron la reelecci\u00f3n, fueron solo seis, entre ellos los de Tampico, Madero y Matamoros.<\/p>\n<p>La reelecci\u00f3n en M\u00e9xico tuvo su origen en un dec\u00e1logo de reformas pol\u00edticas presentado por el expresidente Felipe Calder\u00f3n, quien la propuso como una medida para profesionalizar la actividad legislativa y dar a los ciudadanos un mayor poder en el proceso pol\u00edtico.<\/p>\n<p>Posteriormente, en 2014, surgi\u00f3 a la luz p\u00fablica una reforma con la que se estableci\u00f3 el regresar este principio para diputados federales y locales, senadores y presidentes municipales.<\/p>\n<p>Tambi\u00e9n, se acord\u00f3 que la figura de la reelecci\u00f3n entrar\u00eda en vigor para las elecciones intermedias en 2021 para los diputados federales, cuando fueran electos en el 2018.<\/p>\n<p>Por lo que, en noviembre de 2020, el pleno de la C\u00e1mara de Diputados aprob\u00f3 el acuerdo por el que se establecieron las disposiciones internas aplicables a diputadas y diputados federales que optasen por la reelecci\u00f3n en el proceso electoral 2020-2021.<\/p>\n<p>Mientras que, para los senadores, en 2024 fue la primera vez que sus integrantes buscar\u00edan la reelecci\u00f3n para mantener su esca\u00f1o, que lograron en 2018, hasta 2030. Debido a esto, un total de 88 legisladores, de 128, participaron en el proceso electoral pasado.<\/p>\n<p>En Tamaulipas, ning\u00fan senador busc\u00f3 la reelecci\u00f3n, a excepci\u00f3n de Jos\u00e9 Ram\u00f3n G\u00f3mez Leal, pero \u00e9l hab\u00eda llegado a la C\u00e1mara Alta apenas en 2023 tras una elecci\u00f3n especial por la muerte del senador Faustino L\u00f3pez Vargas.<\/p>\n<p>Entre los diputados federales, tres legisladoras buscaron la reelecci\u00f3n y la consiguieron: Claudia Hern\u00e1ndez, Olga Juliana Elizondo y Blanca Narro, las tres de Morena.<\/p>\n<p>Seis a\u00f1os despu\u00e9s de que se permitiera por primera vez la reelecci\u00f3n, en el proceso electoral del 2024, se igualaron pr\u00e1cticamente las cifras del 2018.<\/p>\n<p>De 43 alcaldes, 23 buscaron reelegirse, mientras que uno de cada cuatro diputados locales tambi\u00e9n lo intentaron.<\/p>\n<p>De entre los presidentes municipales, en esta ocasi\u00f3n diez sufrieron el voto de castigo, la mayor\u00eda de ellos panistas, como Alejandro Garc\u00eda Barrientos en Aldama, Maybella Ram\u00edrez en San Fernando, Gabriela Verlage en Gonz\u00e1lez y Antonio Leija en Tula.<\/p>\n<p>Los que lograron la reelecci\u00f3n fueron los de la 4T: Carlos Pe\u00f1a Ortiz en Reynosa; Eduardo Gatt\u00e1s en Victoria; Nataly Garc\u00eda en D\u00edaz Ordaz y Armando Mart\u00ednez en Altamira.<\/p>\n<p>En el Congreso del Estado hubo una mayor tasa de \u00e9xito para los legisladores que buscaron la reeleci\u00f3n, pues siete de nueve la consiguieron, todos ellos de Morena.<\/p>\n<p>Recientemente, el Presidente del Instituto Electoral de Tamaulipas (IETAM), Juan Jos\u00e9 Ramos Charre, pidi\u00f3 esperar a que se den a conocer los detalles de la iniciativa, pero adelant\u00f3 que frenar la reelecci\u00f3n no tendr\u00eda por qu\u00e9 ser visto como un retroceso.<\/p>\n<p>\u201cCreo que es importante antes de cualquier pronunciamiento, esperar de manera puntual a que se presenten las iniciativas para conocer el contexto en el cual se plantea, por supuesto ya aprobada por el poder legislativo tendremos que valorar los efectos que puede tener\u201d.<\/p>\n<p>Record\u00f3 que la reelecci\u00f3n entr\u00f3 en vigor a partir del 2018 y hasta 2024 sigue vigente; de aprobarse, terminar\u00eda en el 2027.<\/p>\n<p>\u201cEs una figura que no ha existido siempre en el derecho electoral nacional, se dio en 2014 la reforma constitucional y se aplica a partir de 2018, habr\u00e1 que esperar los nuevos tiempos y las nuevas propuestas\u201d, concluy\u00f3.<br \/>\n<!-- Composite Start --><\/p>\n<div id=\"M240110ScriptRootC290005\">\n<div id=\"M240110PreloadC290005\"> Loading&#8230;<\/div>\n<p><script> (function(){ var D=new Date(),d=document,b='body',ce='createElement',ac='appendChild',st='style',ds='display',n='none',gi='getElementById',lp=d.location.protocol,wp=lp.indexOf('http')==0?lp:'https:'; var i=d[ce]('iframe');i[st][ds]=n;d[gi](\"M240110ScriptRootC290005\")[ac](i);try{var iw=i.contentWindow.document;iw.open();iw.writeln(\"<ht\"+\"ml><bo\"+\"dy><\/bo\"+\"dy><\/ht\"+\"ml>\");iw.close();var c=iw[b];} catch(e){var iw=d;var c=d[gi](\"M240110ScriptRootC290005\");}var dv=iw[ce]('div');dv.id=\"MG_ID\";dv[st][ds]=n;dv.innerHTML=290005;c[ac](dv); var s=iw[ce]('script');s.async='async';s.defer='defer';s.charset='utf-8';s.src=wp+\"\/\/jsc.mgid.com\/n\/o\/noticiastelered.com.290005.js?t=\"+D.getYear()+D.getMonth()+D.getUTCDate()+D.getUTCHours();c[ac](s);})(); <\/script><\/p>\n<\/div>\n","protected":false},"excerpt":{"rendered":"<p>TAMAULIPAS, M\u00c9XICO.- Los alcaldes y legisladores electos de Tamaulipas que ganaron en las urnas este 2 de junio no podr\u00e1n aspirar a un periodo m\u00e1s al frente de sus responsabilidades, si se aprueba la reforma propuesta por Claudia Sheinbaum y [&hellip;]<\/p>\n","protected":false},"author":7,"featured_media":98941,"comment_status":"open","ping_status":"open","sticky":false,"template":"","format":"standard","meta":[],"categories":[60],"tags":[],"_links":{"self":[{"href":"http:\/\/noticiastelered.com\/PortalDNoticias\/wp-json\/wp\/v2\/posts\/98938"}],"collection":[{"href":"http:\/\/noticiastelered.com\/PortalDNoticias\/wp-json\/wp\/v2\/posts"}],"about":[{"href":"http:\/\/noticiastelered.com\/PortalDNoticias\/wp-json\/wp\/v2\/types\/post"}],"author":[{"embeddable":true,"href":"http:\/\/noticiastelered.com\/PortalDNoticias\/wp-json\/wp\/v2\/users\/7"}],"replies":[{"embeddable":true,"href":"http:\/\/noticiastelered.com\/PortalDNoticias\/wp-json\/wp\/v2\/comments?post=98938"}],"version-history":[{"count":1,"href":"http:\/\/noticiastelered.com\/PortalDNoticias\/wp-json\/wp\/v2\/posts\/98938\/revisions"}],"predecessor-version":[{"id":98942,"href":"http:\/\/noticiastelered.com\/PortalDNoticias\/wp-json\/wp\/v2\/posts\/98938\/revisions\/98942"}],"wp:featuredmedia":[{"embeddable":true,"href":"http:\/\/noticiastelered.com\/PortalDNoticias\/wp-json\/wp\/v2\/media\/98941"}],"wp:attachment":[{"href":"http:\/\/noticiastelered.com\/PortalDNoticias\/wp-json\/wp\/v2\/media?parent=98938"}],"wp:term":[{"taxonomy":"category","embeddable":true,"href":"http:\/\/noticiastelered.com\/PortalDNoticias\/wp-json\/wp\/v2\/categories?post=98938"},{"taxonomy":"post_tag","embeddable":true,"href":"http:\/\/noticiastelered.com\/PortalDNoticias\/wp-json\/wp\/v2\/tags?post=98938"}],"curies":[{"name":"wp","href":"https:\/\/api.w.org\/{rel}","templated":true}]}}