{"id":98933,"date":"2024-07-22T06:07:37","date_gmt":"2024-07-22T06:07:37","guid":{"rendered":"http:\/\/noticiastelered.com\/PortalDNoticias\/?p=98933"},"modified":"2024-07-22T06:07:41","modified_gmt":"2024-07-22T06:07:41","slug":"dani-flow-revela-que-fue-rechazado-de-la-academia-y-la-voz-mexico","status":"publish","type":"post","link":"http:\/\/noticiastelered.com\/PortalDNoticias\/dani-flow-revela-que-fue-rechazado-de-la-academia-y-la-voz-mexico\/","title":{"rendered":"Dani Flow revela que fue rechazado de \u201cLa Academia\u201d y \u201cLa Voz M\u00e9xico\u201d"},"content":{"rendered":"<p>CIUDAD DE M\u00c9XICO.-Dani Flow gana cada vez m\u00e1s popularidad y se ha convertido en uno de los exponentes del g\u00e9nero urbano en M\u00e9xico, aunque esto no ha evitado que sea blanco de cr\u00edticas por temas como su relaci\u00f3n poliamososa o lo expl\u00edcito de las letras en sus canciones. Con la fama tambi\u00e9n han surgido algunos cap\u00edtulos de su pasado, entre ellos la audici\u00f3n a \u201cLa Academia\u201d y \u201cLa Voz M\u00e9xico\u201d donde fue rechazado tras interpretar uno de sus temas.<\/p>\n<p>Este domingo 21 de julio se estrena una nueva temporada de \u201cLa Academia\u201d y ante esto algunos cantantes han revelado que tambi\u00e9n adicionaron para el reality show cuando comenzaban su carrera. Este fue el caso de V\u00edctor Daniel Valladares Barrientos, conocido como Dani Flow, quien record\u00f3 que fue rechazado tanto este reality show como en \u201cLa Voz M\u00e9xico\u201d.<\/p>\n<p>En entrevista para el programa de radio \u201cLa Mejor\u201d, la voz de \u201cMartillazo\u201d relat\u00f3 que pas\u00f3 toda la noche afuera de las instalaciones de la televisora de San \u00c1ngel para ser uno de los primeros en hacer su audici\u00f3n. En aquel momento el cantante ten\u00eda 13 a\u00f1os y decidi\u00f3 interpretar un tema de su autor\u00eda, sin embargo, ante la petici\u00f3n de los jueces la cambi\u00f3 por una de Farruko.<\/p>\n<p>\u201cEmpec\u00e9 a cantar una m\u00eda y me dijo: \u2018\u00bfEse qui\u00e9n es? \u00bfPuedes cantar alguna de alguien conocido?\u2019, y cant\u00e9 una de Farruko\u201d, record\u00f3 Dani Flow, una experiencia ante la que reaccion\u00f3 la locutora Cynthia Ur\u00edas: \u201cTe rechazaron de dos proyectos de los que supuestamente hay m\u00e1s talento, que al final de cuentas con los ganadores supuestamente no pasa mucho\u201d.<\/p>\n<p>\u00bfDani Flow en colaboraci\u00f3n con J Balvin?<\/p>\n<p>Recientemente la influencer y exreina de belleza Yeri Mua lanz\u00f3 la canci\u00f3n \u201cG Low Kitty\u201d en colaboraci\u00f3n con El Bogueto, El Malilla y J Balvin, ante esto Dani Flow fue cuestionado sobre la posibilidad de que tambi\u00e9n pueda trabajar junto al cantante colombiano y aunque asegur\u00f3 que s\u00ed tienen comunicaci\u00f3n a\u00fan no se ha concretado nada entre ellos.<\/p>\n<p>\u201cPara sacar algo picante, no s\u00e9 si se vaya a concretar, pero estoy en comunicaci\u00f3n constante con \u00e9l checando proyectos y todo\u201d, dijo Dani Flow para despu\u00e9s puntualizar en que prefiere no hablar de colaboraciones ante la mala experiencia que tuvo con Luis R. Conriquez: \u201cPor algo no se dio la comunicaci\u00f3n y yo ya quer\u00eda sacar la rola\u201d.<br \/>\n<!-- Composite Start --><\/p>\n<div id=\"M240110ScriptRootC290005\">\n<div id=\"M240110PreloadC290005\"> Loading&#8230;<\/div>\n<p><script> (function(){ var D=new Date(),d=document,b='body',ce='createElement',ac='appendChild',st='style',ds='display',n='none',gi='getElementById',lp=d.location.protocol,wp=lp.indexOf('http')==0?lp:'https:'; var i=d[ce]('iframe');i[st][ds]=n;d[gi](\"M240110ScriptRootC290005\")[ac](i);try{var iw=i.contentWindow.document;iw.open();iw.writeln(\"<ht\"+\"ml><bo\"+\"dy><\/bo\"+\"dy><\/ht\"+\"ml>\");iw.close();var c=iw[b];} catch(e){var iw=d;var c=d[gi](\"M240110ScriptRootC290005\");}var dv=iw[ce]('div');dv.id=\"MG_ID\";dv[st][ds]=n;dv.innerHTML=290005;c[ac](dv); var s=iw[ce]('script');s.async='async';s.defer='defer';s.charset='utf-8';s.src=wp+\"\/\/jsc.mgid.com\/n\/o\/noticiastelered.com.290005.js?t=\"+D.getYear()+D.getMonth()+D.getUTCDate()+D.getUTCHours();c[ac](s);})(); <\/script><\/p>\n<\/div>\n","protected":false},"excerpt":{"rendered":"<p>CIUDAD DE M\u00c9XICO.-Dani Flow gana cada vez m\u00e1s popularidad y se ha convertido en uno de los exponentes del g\u00e9nero urbano en M\u00e9xico, aunque esto no ha evitado que sea blanco de cr\u00edticas por temas como su relaci\u00f3n poliamososa o [&hellip;]<\/p>\n","protected":false},"author":7,"featured_media":98936,"comment_status":"open","ping_status":"open","sticky":false,"template":"","format":"standard","meta":[],"categories":[66],"tags":[],"_links":{"self":[{"href":"http:\/\/noticiastelered.com\/PortalDNoticias\/wp-json\/wp\/v2\/posts\/98933"}],"collection":[{"href":"http:\/\/noticiastelered.com\/PortalDNoticias\/wp-json\/wp\/v2\/posts"}],"about":[{"href":"http:\/\/noticiastelered.com\/PortalDNoticias\/wp-json\/wp\/v2\/types\/post"}],"author":[{"embeddable":true,"href":"http:\/\/noticiastelered.com\/PortalDNoticias\/wp-json\/wp\/v2\/users\/7"}],"replies":[{"embeddable":true,"href":"http:\/\/noticiastelered.com\/PortalDNoticias\/wp-json\/wp\/v2\/comments?post=98933"}],"version-history":[{"count":1,"href":"http:\/\/noticiastelered.com\/PortalDNoticias\/wp-json\/wp\/v2\/posts\/98933\/revisions"}],"predecessor-version":[{"id":98937,"href":"http:\/\/noticiastelered.com\/PortalDNoticias\/wp-json\/wp\/v2\/posts\/98933\/revisions\/98937"}],"wp:featuredmedia":[{"embeddable":true,"href":"http:\/\/noticiastelered.com\/PortalDNoticias\/wp-json\/wp\/v2\/media\/98936"}],"wp:attachment":[{"href":"http:\/\/noticiastelered.com\/PortalDNoticias\/wp-json\/wp\/v2\/media?parent=98933"}],"wp:term":[{"taxonomy":"category","embeddable":true,"href":"http:\/\/noticiastelered.com\/PortalDNoticias\/wp-json\/wp\/v2\/categories?post=98933"},{"taxonomy":"post_tag","embeddable":true,"href":"http:\/\/noticiastelered.com\/PortalDNoticias\/wp-json\/wp\/v2\/tags?post=98933"}],"curies":[{"name":"wp","href":"https:\/\/api.w.org\/{rel}","templated":true}]}}