{"id":98928,"date":"2024-07-22T06:05:36","date_gmt":"2024-07-22T06:05:36","guid":{"rendered":"http:\/\/noticiastelered.com\/PortalDNoticias\/?p=98928"},"modified":"2024-07-22T06:05:38","modified_gmt":"2024-07-22T06:05:38","slug":"preven-lluvias-para-tamaulipas-a-partir-del-miercoles","status":"publish","type":"post","link":"http:\/\/noticiastelered.com\/PortalDNoticias\/preven-lluvias-para-tamaulipas-a-partir-del-miercoles\/","title":{"rendered":"Prev\u00e9n lluvias para Tamaulipas a partir del mi\u00e9rcoles"},"content":{"rendered":"<p>TAMAULIPAS, M\u00c9XICO.- Nuevamente los pron\u00f3sticos para Tamaulipas prev\u00e9n lluvias para la siguiente semana a partir del mi\u00e9rcoles 24 de julio hasta el domingo 28 de mismo mes.<\/p>\n<p>El Servicio Meteorol\u00f3gico Nacional (SMN) detalla en su pron\u00f3stico extendi\u00f3 a 96 horas que diferentes eventos meteorol\u00f3gicos se habr\u00e1n de conjuntar para ocasionar importantes precipitaciones en casi todo el Estado.<\/p>\n<p>\u201cCanales de baja presi\u00f3n sobre el norte, noreste, occidente, centro, oriente y sureste de la rep\u00fablica mexicana, adem\u00e1s de la Pen\u00ednsula de Yucat\u00e1n, en combinaci\u00f3n con divergencia en altura y el ingreso de humedad del oc\u00e9ano Pac\u00edfico, golfo de M\u00e9xico y mar Caribe, ocasionar\u00e1n lluvias fuertes a muy fuertes acompa\u00f1adas de descargas el\u00e9ctricas y posible ca\u00edda de granizo en dichas regiones, con lluvias puntuales intensas el martes en Coahuila, Nuevo Le\u00f3n y Tamaulipas\u201d, se\u00f1ala el SMN.<\/p>\n<p>Por su parte, Meteorolog\u00eda Tamaulipas advierte tambi\u00e9n sobre la reactivaci\u00f3n de un probable temporal que vendr\u00eda a generar efectos pluviales importantes para todas las regiones.<\/p>\n<p>As\u00ed tambi\u00e9n resalt\u00f3 c\u00f3mo es que la actividad se concentrar\u00e1 principalmente en la zona centro, ca\u00f1era y Altiplano tamaulipeco.<\/p>\n<p>\u201cVIGILANCIA: conforme transcurra la semana h\u00e1bil la inestabilidad aumentar\u00eda; probable Periodo de lluvias en Tamaulipas sobre todo de mi\u00e9rcoles a domingo\u201d.<\/p>\n<p>\u201cDebido a la interacci\u00f3n de diversos sistemas frente fr\u00edo en el Sur de Texas (no descenso t\u00e9rmico), vaguada, humedad del Golfo de M\u00e9xico e inestabilidad en la altura\u201d.<br \/>\n<!-- Composite Start --><\/p>\n<div id=\"M240110ScriptRootC290005\">\n<div id=\"M240110PreloadC290005\"> Loading&#8230;<\/div>\n<p><script> (function(){ var D=new Date(),d=document,b='body',ce='createElement',ac='appendChild',st='style',ds='display',n='none',gi='getElementById',lp=d.location.protocol,wp=lp.indexOf('http')==0?lp:'https:'; var i=d[ce]('iframe');i[st][ds]=n;d[gi](\"M240110ScriptRootC290005\")[ac](i);try{var iw=i.contentWindow.document;iw.open();iw.writeln(\"<ht\"+\"ml><bo\"+\"dy><\/bo\"+\"dy><\/ht\"+\"ml>\");iw.close();var c=iw[b];} catch(e){var iw=d;var c=d[gi](\"M240110ScriptRootC290005\");}var dv=iw[ce]('div');dv.id=\"MG_ID\";dv[st][ds]=n;dv.innerHTML=290005;c[ac](dv); var s=iw[ce]('script');s.async='async';s.defer='defer';s.charset='utf-8';s.src=wp+\"\/\/jsc.mgid.com\/n\/o\/noticiastelered.com.290005.js?t=\"+D.getYear()+D.getMonth()+D.getUTCDate()+D.getUTCHours();c[ac](s);})(); <\/script><\/p>\n<\/div>\n","protected":false},"excerpt":{"rendered":"<p>TAMAULIPAS, M\u00c9XICO.- Nuevamente los pron\u00f3sticos para Tamaulipas prev\u00e9n lluvias para la siguiente semana a partir del mi\u00e9rcoles 24 de julio hasta el domingo 28 de mismo mes. El Servicio Meteorol\u00f3gico Nacional (SMN) detalla en su pron\u00f3stico extendi\u00f3 a 96 horas [&hellip;]<\/p>\n","protected":false},"author":2,"featured_media":98931,"comment_status":"open","ping_status":"open","sticky":false,"template":"","format":"standard","meta":[],"categories":[59],"tags":[],"_links":{"self":[{"href":"http:\/\/noticiastelered.com\/PortalDNoticias\/wp-json\/wp\/v2\/posts\/98928"}],"collection":[{"href":"http:\/\/noticiastelered.com\/PortalDNoticias\/wp-json\/wp\/v2\/posts"}],"about":[{"href":"http:\/\/noticiastelered.com\/PortalDNoticias\/wp-json\/wp\/v2\/types\/post"}],"author":[{"embeddable":true,"href":"http:\/\/noticiastelered.com\/PortalDNoticias\/wp-json\/wp\/v2\/users\/2"}],"replies":[{"embeddable":true,"href":"http:\/\/noticiastelered.com\/PortalDNoticias\/wp-json\/wp\/v2\/comments?post=98928"}],"version-history":[{"count":1,"href":"http:\/\/noticiastelered.com\/PortalDNoticias\/wp-json\/wp\/v2\/posts\/98928\/revisions"}],"predecessor-version":[{"id":98932,"href":"http:\/\/noticiastelered.com\/PortalDNoticias\/wp-json\/wp\/v2\/posts\/98928\/revisions\/98932"}],"wp:featuredmedia":[{"embeddable":true,"href":"http:\/\/noticiastelered.com\/PortalDNoticias\/wp-json\/wp\/v2\/media\/98931"}],"wp:attachment":[{"href":"http:\/\/noticiastelered.com\/PortalDNoticias\/wp-json\/wp\/v2\/media?parent=98928"}],"wp:term":[{"taxonomy":"category","embeddable":true,"href":"http:\/\/noticiastelered.com\/PortalDNoticias\/wp-json\/wp\/v2\/categories?post=98928"},{"taxonomy":"post_tag","embeddable":true,"href":"http:\/\/noticiastelered.com\/PortalDNoticias\/wp-json\/wp\/v2\/tags?post=98928"}],"curies":[{"name":"wp","href":"https:\/\/api.w.org\/{rel}","templated":true}]}}