{"id":98899,"date":"2024-07-21T05:07:33","date_gmt":"2024-07-21T05:07:33","guid":{"rendered":"http:\/\/noticiastelered.com\/PortalDNoticias\/?p=98899"},"modified":"2024-07-21T05:07:34","modified_gmt":"2024-07-21T05:07:34","slug":"yari-la-cantante-que-representara-a-tamaulipas-en-la-academia","status":"publish","type":"post","link":"http:\/\/noticiastelered.com\/PortalDNoticias\/yari-la-cantante-que-representara-a-tamaulipas-en-la-academia\/","title":{"rendered":"Yari, la cantante que representar\u00e1 a Tamaulipas en La Academia"},"content":{"rendered":"<p>Este pr\u00f3ximo domingo se estrena la nueva generaci\u00f3n de La Academia, en donde Tamaulipas ser\u00e1 representado por una joven que busca hacer realidad su sue\u00f1o de cantar.<\/p>\n<p>Yaritza Ortega es una joven de Nuevo Laredo, de 24 a\u00f1os, que audicion\u00f3 para ser parte del reality musical m\u00e1s grande de M\u00e9xico y en donde fue seleccionada entre miles.<\/p>\n<p>Yari es nutri\u00f3loga de un comedor industrial y cantante de un grupo vers\u00e1til, trabajos con los cuales saca adelante a su peque\u00f1a hija de tres a\u00f1os.<\/p>\n<p>Asegura que es su hija la que la impulsa a cumplir su sue\u00f1o, pues es madre soltera y su deseo es que su hija la vea como un ejemplo de mujer independiente y feliz con lo que hace.<br \/>\n<!-- Composite Start --><\/p>\n<div id=\"M240110ScriptRootC290005\">\n<div id=\"M240110PreloadC290005\"> Loading&#8230;<\/div>\n<p><script> (function(){ var D=new Date(),d=document,b='body',ce='createElement',ac='appendChild',st='style',ds='display',n='none',gi='getElementById',lp=d.location.protocol,wp=lp.indexOf('http')==0?lp:'https:'; var i=d[ce]('iframe');i[st][ds]=n;d[gi](\"M240110ScriptRootC290005\")[ac](i);try{var iw=i.contentWindow.document;iw.open();iw.writeln(\"<ht\"+\"ml><bo\"+\"dy><\/bo\"+\"dy><\/ht\"+\"ml>\");iw.close();var c=iw[b];} catch(e){var iw=d;var c=d[gi](\"M240110ScriptRootC290005\");}var dv=iw[ce]('div');dv.id=\"MG_ID\";dv[st][ds]=n;dv.innerHTML=290005;c[ac](dv); var s=iw[ce]('script');s.async='async';s.defer='defer';s.charset='utf-8';s.src=wp+\"\/\/jsc.mgid.com\/n\/o\/noticiastelered.com.290005.js?t=\"+D.getYear()+D.getMonth()+D.getUTCDate()+D.getUTCHours();c[ac](s);})(); <\/script><\/p>\n<\/div>\n","protected":false},"excerpt":{"rendered":"<p>Este pr\u00f3ximo domingo se estrena la nueva generaci\u00f3n de La Academia, en donde Tamaulipas ser\u00e1 representado por una joven que busca hacer realidad su sue\u00f1o de cantar. Yaritza Ortega es una joven de Nuevo Laredo, de 24 a\u00f1os, que audicion\u00f3 [&hellip;]<\/p>\n","protected":false},"author":7,"featured_media":98902,"comment_status":"open","ping_status":"open","sticky":false,"template":"","format":"standard","meta":[],"categories":[63],"tags":[],"_links":{"self":[{"href":"http:\/\/noticiastelered.com\/PortalDNoticias\/wp-json\/wp\/v2\/posts\/98899"}],"collection":[{"href":"http:\/\/noticiastelered.com\/PortalDNoticias\/wp-json\/wp\/v2\/posts"}],"about":[{"href":"http:\/\/noticiastelered.com\/PortalDNoticias\/wp-json\/wp\/v2\/types\/post"}],"author":[{"embeddable":true,"href":"http:\/\/noticiastelered.com\/PortalDNoticias\/wp-json\/wp\/v2\/users\/7"}],"replies":[{"embeddable":true,"href":"http:\/\/noticiastelered.com\/PortalDNoticias\/wp-json\/wp\/v2\/comments?post=98899"}],"version-history":[{"count":1,"href":"http:\/\/noticiastelered.com\/PortalDNoticias\/wp-json\/wp\/v2\/posts\/98899\/revisions"}],"predecessor-version":[{"id":98903,"href":"http:\/\/noticiastelered.com\/PortalDNoticias\/wp-json\/wp\/v2\/posts\/98899\/revisions\/98903"}],"wp:featuredmedia":[{"embeddable":true,"href":"http:\/\/noticiastelered.com\/PortalDNoticias\/wp-json\/wp\/v2\/media\/98902"}],"wp:attachment":[{"href":"http:\/\/noticiastelered.com\/PortalDNoticias\/wp-json\/wp\/v2\/media?parent=98899"}],"wp:term":[{"taxonomy":"category","embeddable":true,"href":"http:\/\/noticiastelered.com\/PortalDNoticias\/wp-json\/wp\/v2\/categories?post=98899"},{"taxonomy":"post_tag","embeddable":true,"href":"http:\/\/noticiastelered.com\/PortalDNoticias\/wp-json\/wp\/v2\/tags?post=98899"}],"curies":[{"name":"wp","href":"https:\/\/api.w.org\/{rel}","templated":true}]}}