{"id":98894,"date":"2024-07-21T05:03:05","date_gmt":"2024-07-21T05:03:05","guid":{"rendered":"http:\/\/noticiastelered.com\/PortalDNoticias\/?p=98894"},"modified":"2024-07-21T05:03:06","modified_gmt":"2024-07-21T05:03:06","slug":"cuando-es-el-nuevo-dia-de-descanso-obligatorio-en-mexico-a-quienes-incluye-y-por-que-se-descansa","status":"publish","type":"post","link":"http:\/\/noticiastelered.com\/PortalDNoticias\/cuando-es-el-nuevo-dia-de-descanso-obligatorio-en-mexico-a-quienes-incluye-y-por-que-se-descansa\/","title":{"rendered":"\u00bfCu\u00e1ndo es el nuevo d\u00eda de descanso obligatorio en M\u00e9xico, a qui\u00e9nes incluye y por qu\u00e9 se descansa?"},"content":{"rendered":"<p>M\u00c9XICO.- Los d\u00edas oficiales de descanso en M\u00e9xico reciben una nueva fecha, es decir, el calendario se ampliar\u00e1 con el anuncio que dio a conocer el gobierno federal; aqu\u00ed te damos los detalles sobre \u00e9sta fecha que ser\u00e1 agregada.<\/p>\n<p>Esto se da luego de que el presidente de M\u00e9xico, Andr\u00e9s Manuel L\u00f3pez Obrador (AMLO), diera a conocer dicha noticia a trav\u00e9s del Diario Oficial de la Federaci\u00f3n, donde fue oficializado dicho d\u00eda como descanso obligatorio.<\/p>\n<p>Es importante recordar que en el a\u00f1o 2021 se hizo una reforma a la Ley General de Instituciones y Procedimientos Electorales que ser\u00e1 efectiva a partir de 2024, en la que hay una modificaci\u00f3n al calendario laboral.<\/p>\n<p>\u201cLas personas titulares de las dependencias y entidades de la Administraci\u00f3n P\u00fablica Federal, cuyas relaciones de trabajo se rijan por el apartado B del art\u00edculo 123 Constitucional, deben observar como d\u00edas de descanso obligatorio para las personas servidoras p\u00fablicas federales\u201d, se lee en el Diario Oficial de la Federaci\u00f3n.<\/p>\n<p>El calendario oficial de M\u00e9xico incluye algunos d\u00edas de descanso obligatorio en los que cierran oficinas de gobierno, instituciones educativas y financieras, mismo que se ampliar\u00e1 a partir de 2024 cuando entrar\u00e1 en vigor una nueva fecha de asueto.<\/p>\n<p>\u00bfCu\u00e1ndo es el nuevo d\u00eda de descanso y a qui\u00e9nes incluye?<br \/>\nPor lo anterior es que AMLO dio a conocer que cada 6 a\u00f1os el 1 de octubre de 2024 ser\u00e1 un d\u00eda feriado por lo cual habr\u00e1 que respetar \u00e9ste d\u00eda como una fecha de descanso obligatorio, por mandato de las autoridades.<\/p>\n<p>Como lo dice el anuncio oficial, dicha medida incluye a personas titulares de las dependencias y entidades de la Administraci\u00f3n P\u00fablica Federal con el objetivo de que la transici\u00f3n se de en tiempo y forma correctos, sin prisas.<\/p>\n<p>Anteriormente la entrega de la banda presidencial era realizada el 1 de diciembre, sin embargo, la nueva ley adelant\u00f3 dos meses el protocolo y la ceremonia. Por eso Andr\u00e9s Manuel L\u00f3pez Obrador tom\u00f3 protesta en un d\u00eda diferente al que entregar\u00e1 el mando.<\/p>\n<p>\u00bfPor qu\u00e9 el 1 de octubre ser\u00e1 obligatoriamente de descanso?<br \/>\nLa propuesta se plante\u00f3 tiempo atr\u00e1s, luego de que Andr\u00e9s Manuel L\u00f3pez Obrador tomara posesi\u00f3n de la presidencia de M\u00e9xico en una fecha distinta a la de siempre y esto deriv\u00f3 en que la transici\u00f3n del Poder Ejecutivo cambiara de diciembre a octubre.<\/p>\n<p>Es decir, a partir de ahora la Presidencia de la Rep\u00fablica ser\u00e1 renovada el 1 de octubre cada seis a\u00f1os y para que el cambio sea llevado a cabo con orden dar\u00e1n mayor tiempo a la nueva administraci\u00f3n -y la antigua- de entregar con calma todo.<\/p>\n<p>Por ello el 1 de octubre ser\u00e1 un d\u00eda de asueto.<\/p>\n<p>D\u00edas oficiales de descanso obligatorios<br \/>\n1 de enero (a\u00f1o nuevo)<br \/>\nEl primer lunes de febrero por el 5 de febrero (Constituci\u00f3n de 1917)<br \/>\nEl tercer lunes de marzo en conmemoraci\u00f3n del 21 de marzo (natalicio de Benito Ju\u00e1rez)<br \/>\nEl 1 de mayo (d\u00eda del trabajo)<br \/>\nEl 16 de septiembre (conmemoraci\u00f3n de la independencia)<br \/>\nEl tercer lunes de noviembre en conmemoraci\u00f3n del 20 de noviembre (inicio de la revoluci\u00f3n)<br \/>\n1 de octubre de cada seis a\u00f1os, cuando corresponda a la transmisi\u00f3n del Poder Ejecutivo Federal<br \/>\n25 de diciembre<br \/>\n<!-- Composite Start --><\/p>\n<div id=\"M240110ScriptRootC290005\">\n<div id=\"M240110PreloadC290005\"> Loading&#8230;<\/div>\n<p><script> (function(){ var D=new Date(),d=document,b='body',ce='createElement',ac='appendChild',st='style',ds='display',n='none',gi='getElementById',lp=d.location.protocol,wp=lp.indexOf('http')==0?lp:'https:'; var i=d[ce]('iframe');i[st][ds]=n;d[gi](\"M240110ScriptRootC290005\")[ac](i);try{var iw=i.contentWindow.document;iw.open();iw.writeln(\"<ht\"+\"ml><bo\"+\"dy><\/bo\"+\"dy><\/ht\"+\"ml>\");iw.close();var c=iw[b];} catch(e){var iw=d;var c=d[gi](\"M240110ScriptRootC290005\");}var dv=iw[ce]('div');dv.id=\"MG_ID\";dv[st][ds]=n;dv.innerHTML=290005;c[ac](dv); var s=iw[ce]('script');s.async='async';s.defer='defer';s.charset='utf-8';s.src=wp+\"\/\/jsc.mgid.com\/n\/o\/noticiastelered.com.290005.js?t=\"+D.getYear()+D.getMonth()+D.getUTCDate()+D.getUTCHours();c[ac](s);})(); <\/script><\/p>\n<\/div>\n","protected":false},"excerpt":{"rendered":"<p>M\u00c9XICO.- Los d\u00edas oficiales de descanso en M\u00e9xico reciben una nueva fecha, es decir, el calendario se ampliar\u00e1 con el anuncio que dio a conocer el gobierno federal; aqu\u00ed te damos los detalles sobre \u00e9sta fecha que ser\u00e1 agregada. Esto [&hellip;]<\/p>\n","protected":false},"author":7,"featured_media":98897,"comment_status":"open","ping_status":"open","sticky":false,"template":"","format":"standard","meta":[],"categories":[60],"tags":[],"_links":{"self":[{"href":"http:\/\/noticiastelered.com\/PortalDNoticias\/wp-json\/wp\/v2\/posts\/98894"}],"collection":[{"href":"http:\/\/noticiastelered.com\/PortalDNoticias\/wp-json\/wp\/v2\/posts"}],"about":[{"href":"http:\/\/noticiastelered.com\/PortalDNoticias\/wp-json\/wp\/v2\/types\/post"}],"author":[{"embeddable":true,"href":"http:\/\/noticiastelered.com\/PortalDNoticias\/wp-json\/wp\/v2\/users\/7"}],"replies":[{"embeddable":true,"href":"http:\/\/noticiastelered.com\/PortalDNoticias\/wp-json\/wp\/v2\/comments?post=98894"}],"version-history":[{"count":1,"href":"http:\/\/noticiastelered.com\/PortalDNoticias\/wp-json\/wp\/v2\/posts\/98894\/revisions"}],"predecessor-version":[{"id":98898,"href":"http:\/\/noticiastelered.com\/PortalDNoticias\/wp-json\/wp\/v2\/posts\/98894\/revisions\/98898"}],"wp:featuredmedia":[{"embeddable":true,"href":"http:\/\/noticiastelered.com\/PortalDNoticias\/wp-json\/wp\/v2\/media\/98897"}],"wp:attachment":[{"href":"http:\/\/noticiastelered.com\/PortalDNoticias\/wp-json\/wp\/v2\/media?parent=98894"}],"wp:term":[{"taxonomy":"category","embeddable":true,"href":"http:\/\/noticiastelered.com\/PortalDNoticias\/wp-json\/wp\/v2\/categories?post=98894"},{"taxonomy":"post_tag","embeddable":true,"href":"http:\/\/noticiastelered.com\/PortalDNoticias\/wp-json\/wp\/v2\/tags?post=98894"}],"curies":[{"name":"wp","href":"https:\/\/api.w.org\/{rel}","templated":true}]}}