{"id":98770,"date":"2024-07-19T00:16:26","date_gmt":"2024-07-19T00:16:26","guid":{"rendered":"http:\/\/noticiastelered.com\/PortalDNoticias\/?p=98770"},"modified":"2024-07-19T00:16:27","modified_gmt":"2024-07-19T00:16:27","slug":"biden-empieza-a-aceptar-la-idea-de-retirarse-de-la-contienda-presidencial-nyt","status":"publish","type":"post","link":"http:\/\/noticiastelered.com\/PortalDNoticias\/biden-empieza-a-aceptar-la-idea-de-retirarse-de-la-contienda-presidencial-nyt\/","title":{"rendered":"Biden empieza a aceptar la idea de retirarse de la contienda presidencial: NYT"},"content":{"rendered":"<p>CIUDAD DE M\u00c9XICO.- El Presidente de Estados Unidos, Joe Biden, se encuentra comenzando a aceptar la idea de que es probable que no pueda ganar la Presidencia para un segundo periodo en las elecciones de noviembre y est\u00e9 considerando seriamente abandonar la carrera, tal como le han pedido miembros de su partido, report\u00f3 esta tarde el diario estadounidense The New York Times.<\/p>\n<p>Este medio, que cita a cuatro \u201cfuentes cercanas a la Casa Blanca\u201d advierte que aunque a\u00fan no ha tomado la decisi\u00f3n de dejar la carrera presidencial, unas semanas despu\u00e9s de que sus compa\u00f1eros de partido lo solicitaran, remarca que no ser\u00eda una sorpresa que pronto Biden, quien actualmente se encuentra aislado en Delaware por padecer Covid-19, pueda anunciar este cambio y su apoyo a Kamala Harris, su vicepresidenta, como la nueva apuesta dem\u00f3crata.<\/p>\n<p>S\u00f3lo es cuesti\u00f3n que se defina cu\u00e1ndo y c\u00f3mo<\/p>\n<p>Sin embargo, remarcaron que sus allegados dudan en presionarlo para que d\u00e9 una respuesta mientras est\u00e9 sufriendo de Covid, enfermedad por la que tiene s\u00edntomas respiratorios leves.<\/p>\n<p>Uno de los asesores de Biden, seg\u00fan el New York Times, dijo que en la campa\u00f1a y en la Casa Blanca los miembros de alto rango discuten cada vez m\u00e1s, aunque de manera informal, su sensaci\u00f3n de que la salida de Biden de la carrera est\u00e1 empezando a parecer inevitable, un tema que hasta hace unos d\u00edas era tab\u00fa, y s\u00f3lo es cuesti\u00f3n de que se defina cu\u00e1ndo y c\u00f3mo se har\u00e1 el anuncio.<\/p>\n<p>Versi\u00f3n oficial no ha cambiado<\/p>\n<p>Del mismo modo, The New York Times asegura que los dem\u00f3cratas m\u00e1s alejados a la Casa Blanca tambi\u00e9n han aumentado sus expectativas de que finalmente el presidenta ceda y deje la contienda.<\/p>\n<p>El diario neoyorquino remarc\u00f3 que desde la Casa Blanca se contin\u00faa negando oficialmente que Biden plantee retirarse y que los informes que dicen lo contrario son una campa\u00f1a coordinada de filtraciones por parte de los l\u00edderes dem\u00f3cratas para aumentar la presi\u00f3n sobre Biden, aunque afirmaron que est\u00e1n escuchando las preocupaciones y tom\u00e1ndolas en serio.<br \/>\n<!-- Composite Start --><\/p>\n<div id=\"M240110ScriptRootC290005\">\n<div id=\"M240110PreloadC290005\"> Loading&#8230;<\/div>\n<p><script> (function(){ var D=new Date(),d=document,b='body',ce='createElement',ac='appendChild',st='style',ds='display',n='none',gi='getElementById',lp=d.location.protocol,wp=lp.indexOf('http')==0?lp:'https:'; var i=d[ce]('iframe');i[st][ds]=n;d[gi](\"M240110ScriptRootC290005\")[ac](i);try{var iw=i.contentWindow.document;iw.open();iw.writeln(\"<ht\"+\"ml><bo\"+\"dy><\/bo\"+\"dy><\/ht\"+\"ml>\");iw.close();var c=iw[b];} catch(e){var iw=d;var c=d[gi](\"M240110ScriptRootC290005\");}var dv=iw[ce]('div');dv.id=\"MG_ID\";dv[st][ds]=n;dv.innerHTML=290005;c[ac](dv); var s=iw[ce]('script');s.async='async';s.defer='defer';s.charset='utf-8';s.src=wp+\"\/\/jsc.mgid.com\/n\/o\/noticiastelered.com.290005.js?t=\"+D.getYear()+D.getMonth()+D.getUTCDate()+D.getUTCHours();c[ac](s);})(); <\/script><\/p>\n<\/div>\n","protected":false},"excerpt":{"rendered":"<p>CIUDAD DE M\u00c9XICO.- El Presidente de Estados Unidos, Joe Biden, se encuentra comenzando a aceptar la idea de que es probable que no pueda ganar la Presidencia para un segundo periodo en las elecciones de noviembre y est\u00e9 considerando seriamente [&hellip;]<\/p>\n","protected":false},"author":7,"featured_media":98773,"comment_status":"open","ping_status":"open","sticky":false,"template":"","format":"standard","meta":[],"categories":[61],"tags":[],"_links":{"self":[{"href":"http:\/\/noticiastelered.com\/PortalDNoticias\/wp-json\/wp\/v2\/posts\/98770"}],"collection":[{"href":"http:\/\/noticiastelered.com\/PortalDNoticias\/wp-json\/wp\/v2\/posts"}],"about":[{"href":"http:\/\/noticiastelered.com\/PortalDNoticias\/wp-json\/wp\/v2\/types\/post"}],"author":[{"embeddable":true,"href":"http:\/\/noticiastelered.com\/PortalDNoticias\/wp-json\/wp\/v2\/users\/7"}],"replies":[{"embeddable":true,"href":"http:\/\/noticiastelered.com\/PortalDNoticias\/wp-json\/wp\/v2\/comments?post=98770"}],"version-history":[{"count":1,"href":"http:\/\/noticiastelered.com\/PortalDNoticias\/wp-json\/wp\/v2\/posts\/98770\/revisions"}],"predecessor-version":[{"id":98774,"href":"http:\/\/noticiastelered.com\/PortalDNoticias\/wp-json\/wp\/v2\/posts\/98770\/revisions\/98774"}],"wp:featuredmedia":[{"embeddable":true,"href":"http:\/\/noticiastelered.com\/PortalDNoticias\/wp-json\/wp\/v2\/media\/98773"}],"wp:attachment":[{"href":"http:\/\/noticiastelered.com\/PortalDNoticias\/wp-json\/wp\/v2\/media?parent=98770"}],"wp:term":[{"taxonomy":"category","embeddable":true,"href":"http:\/\/noticiastelered.com\/PortalDNoticias\/wp-json\/wp\/v2\/categories?post=98770"},{"taxonomy":"post_tag","embeddable":true,"href":"http:\/\/noticiastelered.com\/PortalDNoticias\/wp-json\/wp\/v2\/tags?post=98770"}],"curies":[{"name":"wp","href":"https:\/\/api.w.org\/{rel}","templated":true}]}}