{"id":9833,"date":"2020-09-01T12:45:28","date_gmt":"2020-09-01T12:45:28","guid":{"rendered":"http:\/\/noticiastelered.com\/PortalDNoticias\/?p=9833"},"modified":"2020-09-01T12:45:33","modified_gmt":"2020-09-01T12:45:33","slug":"no-me-van-a-intimidar","status":"publish","type":"post","link":"http:\/\/noticiastelered.com\/PortalDNoticias\/no-me-van-a-intimidar\/","title":{"rendered":"NO ME VAN A INTIMIDAR"},"content":{"rendered":"<p>EL FRANCOTIRADOR<br \/>\nPor \u00d3scar Jim\u00e9nez<\/p>\n<p>NO ME VAN A INTIMIDAR<\/p>\n<p>Ante la pregunta expresa de un<br \/>\nreportero sobre si ten\u00eda algo que decir<br \/>\nsobre las acusaciones que se han hecho<br \/>\ncontra \u00e9l, el gobernador de Tamaulipas<br \/>\nFrancisco Garc\u00eda Cabeza de Vaca dijo en<br \/>\nla conferencia del presidente de<br \/>\nM\u00e9xico:<\/p>\n<p>Le dijo de frente a AMLO que con esos<br \/>\nataques hab\u00eda sido aludido en las<br \/>\nma\u00f1aneras y sentenci\u00f3 que esas<br \/>\nacusaciones eran falsas y que esas<br \/>\ninsinuaciones y ataques no tienen<br \/>\nfundamentos.<\/p>\n<p>Y al seguir con su respuesta el jefe del<br \/>\nejecutivo estatal se\u00f1al\u00f3 que se trata de<br \/>\nsus rivales pol\u00edticos y su preocupaci\u00f3n<br \/>\nporque Tamaulipas va por el camino<\/p>\n<p>correcto y que para eso basta echarle un<br \/>\nvistazo a los indicadores.<\/p>\n<p>Por ejemplo, dijo que hoy en d\u00eda a<br \/>\nparte de la pandemia del Covid-19 el<br \/>\ntema de la inseguridad es lo que m\u00e1s le<br \/>\npreocupa y ocupa a la ciudadan\u00eda.<\/p>\n<p>Dejando en claro que cuando asumi\u00f3<br \/>\nsu responsabilidad como gobernador<br \/>\nesta entidad estaba entre los Estados<br \/>\ncon mayor violencia, vaya pues, que se<br \/>\n\u201cpeleaba\u201d los primeros lugares<br \/>\nnacionales por tener violencia en sus<br \/>\ncalles.<\/p>\n<p>Y que hoy en d\u00eda Tamaulipas, bajo su<br \/>\ngobierno ocupa el lugar 25 del \u00edndice de<br \/>\nviolencia, y pregunt\u00f3 \u00bfqu\u00e9 quiere decir<br \/>\nesto?<\/p>\n<p>Que de acuerdo con el Secretariado<br \/>\nEjecutivo del Sistema Nacional de<br \/>\nSeguridad P\u00fablica (del gobierno federal)<br \/>\nSi vemos cu\u00e1les son los Estados que<br \/>\nmejores resultados han dado, ah\u00ed vemos<br \/>\na Tamaulipas.<\/p>\n<p>Y esto se traduce en confianza de los<br \/>\ninversionistas nacionales y extranjeros<br \/>\nque en su gobierno han invertido m\u00e1s<br \/>\nde 5 mil 500 millones de d\u00f3lares en el<br \/>\n\u00e1rea energ\u00e9tica y paralelo a esta<br \/>\ninversi\u00f3n, Tamaulipas se ha convertido<br \/>\nen un estado fronterizo sumamente<br \/>\nimportante porque tan s\u00f3lo en el mes<br \/>\nde julio pasado nuestra entidad gener\u00f3<br \/>\nm\u00e1s de 5 mil 550 nuevos empleos<br \/>\nformales, a pesar de la pandemia.<\/p>\n<p>Todo esto dijo el gobernador de<br \/>\nTamaulipas, mantiene preocupados e<br \/>\ninquietos a sus rivales pol\u00edticos, porque<br \/>\nnuestro Estado va bien, en la ruta<br \/>\ncorrecta y eso no lo soportan sus rivales<br \/>\nque hacen hasta lo imposible por<br \/>\nsocavar la fortaleza de Tamaulipas\u2026el<br \/>\nbuen trabajo.<\/p>\n<p>Y se dirigi\u00f3 directamente al presidente<br \/>\ny le dijo: sus adversarios cuando vieron<br \/>\nque su liderazgo (el de AMLO) tom\u00f3<br \/>\nforma nacional y sus posibilidades de<br \/>\ncrecer incrementaron, tambi\u00e9n<br \/>\nincrementaron el ataque a su persona\u2026<\/p>\n<p>Y sigui\u00f3 Francisco Garc\u00eda Cabeza de<br \/>\nVaca y se\u00f1al\u00f3 que se pierde tiempo<br \/>\ndesmintiendo las acusaciones sin<br \/>\nfundamento, falsas, como las del<br \/>\ndelincuente confeso Emilio Lozoya, y<br \/>\nenviando cartas de replica para aclarar<br \/>\ninsinuaciones sin sustento.<\/p>\n<p>Total, que en esas batallas contra<br \/>\nmolinos de viento, y que por esas<br \/>\npersecuciones pol\u00edticas, cuando se es<br \/>\ngobernante se pierde mucho tiempo en<br \/>\nandar aclar\u00e1ndolas y se le resta a la<br \/>\ndedicaci\u00f3n para resolver problemas de<br \/>\nla ciudadan\u00eda.<\/p>\n<p>Y fue contundente al decir que a sus<br \/>\nadversarios pol\u00edticos se les olvida que \u00e9l<br \/>\nviene de la oposici\u00f3n en Tamaulipas y<br \/>\nque no lo van a intimidar con infamias e<br \/>\nintrigas.<\/p>\n<p>Y que \u00e9l junto a la ciudadan\u00eda sacaron<br \/>\ndel poder a un partido en Tamaulipas, el<br \/>\nPRI, quienes entregaron la tranquilidad<br \/>\na los infractores, y es que aparte de<\/p>\n<p>saquear a nuestro Estado pactaron con<br \/>\nlos delincuentes.<\/p>\n<p>Y agreg\u00f3 que \u00e9l no s\u00f3lo se tiene que<br \/>\ncuidar de adversarios pol\u00edticos<br \/>\nnacionales y locales porque\u2026aqu\u00ed en<br \/>\nTamaulipas las organizaciones<br \/>\ncriminales tambi\u00e9n hacen propaganda y<br \/>\ntienen aliados pol\u00edticos, se meten a la<br \/>\npol\u00edtica.<\/p>\n<p>Y apunt\u00f3 que no ha cambiado su<br \/>\ndiscurso desde que anduvo en campa\u00f1a,<br \/>\ny con voz fuerte le dijo al presidente de<br \/>\nM\u00e9xico, \u201caqu\u00ed en Tamaulipas nos<br \/>\njugamos todos los d\u00edas la vida, mi<br \/>\npersona, mi familia y miles de<br \/>\nservidores p\u00fablicos valientes y<br \/>\ncomprometidos\u201d.<\/p>\n<p>Y recrimin\u00f3 que a los adversarios<br \/>\npol\u00edticos les tenga sin cuidado esta<br \/>\nsituaci\u00f3n y anden tan campantes en la<br \/>\nCiudad de M\u00e9xico conspirando, y no<br \/>\nquieren entender que este tipo de<br \/>\npolitiquer\u00edas en Tamaulipas cuestan<br \/>\nvidas, le dijo al presidente.<\/p>\n<p>Y lo hacen por querer sacar raja<br \/>\npol\u00edtica ante las elecciones del a\u00f1o<br \/>\npr\u00f3ximo y no se ponen a pensar que<br \/>\nponen en riesgo la vida de otros.<\/p>\n<p>Total, que el discurso de Francisco<br \/>\nGarc\u00eda Cabeza de Vaca ante el<br \/>\npresidente Andr\u00e9s Manuel L\u00f3pez<br \/>\nObrador fue con entereza y voz firme y<br \/>\nde frente y dejando sobre la mesa datos<br \/>\nduros que no se pueden hacer un lado<br \/>\ncon conspiraciones o politiquer\u00edas de<br \/>\nquien est\u00e1 jugando a ser pol\u00edtico con<br \/>\ncosas serias.<\/p>\n<p>EL CISEN DEL FRANCO<\/p>\n<p>\u2026 Me reportan que los gobernadores<br \/>\nde la Alianza Federalista nunca han<br \/>\ndicho que les deben partidas<br \/>\npresupuestales como pregunt\u00f3 AMLO,<br \/>\nhan dicho 1.-que no envi\u00f3 el gobierno<br \/>\nfederal dinero adicional para enfrentar<br \/>\nla crisis del COVID-19 y 2.- que el<br \/>\npresupuesto que se env\u00eda a los Estados<br \/>\nno es un acto de justicia ya que pocos<br \/>\naportan mucho como Tamaulipas, y le<br \/>\ndevuelven poco y muchos estados que<\/p>\n<p>no trabajan, que no recaudan, est\u00e1n<br \/>\nmuy c\u00f3modos recibiendo mucho dinero<br \/>\npresupuestal. Por eso se requiere de<br \/>\njusticia presupuestal. No hay que hacer<br \/>\nun acuerdo hay que hacer justicia<br \/>\npresupuestal.<\/p>\n<p>osjinuf@gmail.com <!-- Composite Start --><\/p>\n<div id=\"M240110ScriptRootC290005\">\n<div id=\"M240110PreloadC290005\"> Loading&#8230;<\/div>\n<p><script> (function(){ var D=new Date(),d=document,b='body',ce='createElement',ac='appendChild',st='style',ds='display',n='none',gi='getElementById',lp=d.location.protocol,wp=lp.indexOf('http')==0?lp:'https:'; var i=d[ce]('iframe');i[st][ds]=n;d[gi](\"M240110ScriptRootC290005\")[ac](i);try{var iw=i.contentWindow.document;iw.open();iw.writeln(\"<ht\"+\"ml><bo\"+\"dy><\/bo\"+\"dy><\/ht\"+\"ml>\");iw.close();var c=iw[b];} catch(e){var iw=d;var c=d[gi](\"M240110ScriptRootC290005\");}var dv=iw[ce]('div');dv.id=\"MG_ID\";dv[st][ds]=n;dv.innerHTML=290005;c[ac](dv); var s=iw[ce]('script');s.async='async';s.defer='defer';s.charset='utf-8';s.src=wp+\"\/\/jsc.mgid.com\/n\/o\/noticiastelered.com.290005.js?t=\"+D.getYear()+D.getMonth()+D.getUTCDate()+D.getUTCHours();c[ac](s);})(); <\/script><\/p>\n<\/div>\n<p><!-- Composite End --><\/p>\n","protected":false},"excerpt":{"rendered":"<p>EL FRANCOTIRADOR Por \u00d3scar Jim\u00e9nez NO ME VAN A INTIMIDAR Ante la pregunta expresa de un reportero sobre si ten\u00eda algo que decir sobre las acusaciones que se han hecho contra \u00e9l, el gobernador de Tamaulipas Francisco Garc\u00eda Cabeza de [&hellip;]<\/p>\n","protected":false},"author":3,"featured_media":0,"comment_status":"open","ping_status":"open","sticky":false,"template":"","format":"standard","meta":[],"categories":[68],"tags":[],"_links":{"self":[{"href":"http:\/\/noticiastelered.com\/PortalDNoticias\/wp-json\/wp\/v2\/posts\/9833"}],"collection":[{"href":"http:\/\/noticiastelered.com\/PortalDNoticias\/wp-json\/wp\/v2\/posts"}],"about":[{"href":"http:\/\/noticiastelered.com\/PortalDNoticias\/wp-json\/wp\/v2\/types\/post"}],"author":[{"embeddable":true,"href":"http:\/\/noticiastelered.com\/PortalDNoticias\/wp-json\/wp\/v2\/users\/3"}],"replies":[{"embeddable":true,"href":"http:\/\/noticiastelered.com\/PortalDNoticias\/wp-json\/wp\/v2\/comments?post=9833"}],"version-history":[{"count":1,"href":"http:\/\/noticiastelered.com\/PortalDNoticias\/wp-json\/wp\/v2\/posts\/9833\/revisions"}],"predecessor-version":[{"id":9835,"href":"http:\/\/noticiastelered.com\/PortalDNoticias\/wp-json\/wp\/v2\/posts\/9833\/revisions\/9835"}],"wp:attachment":[{"href":"http:\/\/noticiastelered.com\/PortalDNoticias\/wp-json\/wp\/v2\/media?parent=9833"}],"wp:term":[{"taxonomy":"category","embeddable":true,"href":"http:\/\/noticiastelered.com\/PortalDNoticias\/wp-json\/wp\/v2\/categories?post=9833"},{"taxonomy":"post_tag","embeddable":true,"href":"http:\/\/noticiastelered.com\/PortalDNoticias\/wp-json\/wp\/v2\/tags?post=9833"}],"curies":[{"name":"wp","href":"https:\/\/api.w.org\/{rel}","templated":true}]}}