{"id":9830,"date":"2020-09-01T12:44:52","date_gmt":"2020-09-01T12:44:52","guid":{"rendered":"http:\/\/noticiastelered.com\/PortalDNoticias\/?p=9830"},"modified":"2020-09-01T12:44:56","modified_gmt":"2020-09-01T12:44:56","slug":"este-martes-sale-las-convocatorias-para-becas-municipales","status":"publish","type":"post","link":"http:\/\/noticiastelered.com\/PortalDNoticias\/este-martes-sale-las-convocatorias-para-becas-municipales\/","title":{"rendered":"Este martes sale las convocatorias para becas municipales"},"content":{"rendered":"<p>El 15 de octubre iniciar\u00e1n inscripciones de solicitudes y el 21 de diciembre se dar\u00e1 a conocer a los seleccionados<\/p>\n<p>Este martes 1 de septiembre, salen las convocatorias para las cinco Becas Escolares que el gobierno municipal otorga a las y los estudiantes de Nuevo Laredo, con el fin que conozcan los requisitos y fecha de registro.<\/p>\n<p>En el Lunes de Informe virtual, el presidente municipal Enrique Rivas mencion\u00f3 que se estar\u00e1n publicando hasta el 15 de octubre y solicit\u00f3 al secretario de Educaci\u00f3n, Cultura y Deporte, Miguel J\u00e1uregui Salazar, dar los detalles de este programa.<\/p>\n<p>\u201cYa est\u00e1n listas las convocatorias para los cinco tipos de becas que se van a entregar durante el presente ciclo escolar, tres de ellas son educativas, adem\u00e1s de la deportiva y cultural, donde se mencionan los requisitos que deber\u00e1n reunir los aspirantes a este programa\u201d, se\u00f1al\u00f3.<\/p>\n<p>De manera digital, el registro para los aspirantes a beca de educaci\u00f3n especial y posgrado iniciar\u00e1 los d\u00edas 15, 16, 17 y 18 de octubre; para la beca NLD a estudiantes con promedio escolar de 8.0 a 9.4, ser\u00e1 del 19 al 30 de octubre.<\/p>\n<p>Para las becas de Excelencia (promedio 9.5 en adelante), el registro ser\u00e1 del 1 al 6 de noviembre, mientras que las Culturales y Deportivas del d\u00eda 7 al 15  del mismo mes.<\/p>\n<p>\u201cEl alcalde nos solicit\u00f3 que los resultados de la selecci\u00f3n est\u00e9n disponibles el lunes 21 de diciembre, previo al periodo vacacional de Navidad para que la primera dispersi\u00f3n se realice en el mes de febrero\u201d, destac\u00f3 J\u00e1uregui Salazar.<\/p>\n<p>Record\u00f3 que este programa benefici\u00f3 a 17 mil estudiantes el ciclo anterior, por lo que esperan incrementar el n\u00famero de beneficiarios en esta nueva convocatoria de becas que cubre 10 meses, de septiembre a junio.<\/p>\n<p>Por \u00faltimo, Rivas Cu\u00e9llar enfatiz\u00f3 que este programa es otro apoyo para las familias neolaredenses.<\/p>\n<p>\u201cCon la entrega de \u00fatiles escolares, libros de apoyo, mejoramiento de los planteles y la construcci\u00f3n de nuevas escuelas, a esto se suma las becas escolares que es una ayuda en estos momentos dif\u00edciles que est\u00e1n pasando muchas familias en su econom\u00eda\u201d, puntualiz\u00f3. <!-- Composite Start --><\/p>\n<div id=\"M240110ScriptRootC290005\">\n<div id=\"M240110PreloadC290005\"> Loading&#8230;<\/div>\n<p><script> (function(){ var D=new Date(),d=document,b='body',ce='createElement',ac='appendChild',st='style',ds='display',n='none',gi='getElementById',lp=d.location.protocol,wp=lp.indexOf('http')==0?lp:'https:'; var i=d[ce]('iframe');i[st][ds]=n;d[gi](\"M240110ScriptRootC290005\")[ac](i);try{var iw=i.contentWindow.document;iw.open();iw.writeln(\"<ht\"+\"ml><bo\"+\"dy><\/bo\"+\"dy><\/ht\"+\"ml>\");iw.close();var c=iw[b];} catch(e){var iw=d;var c=d[gi](\"M240110ScriptRootC290005\");}var dv=iw[ce]('div');dv.id=\"MG_ID\";dv[st][ds]=n;dv.innerHTML=290005;c[ac](dv); var s=iw[ce]('script');s.async='async';s.defer='defer';s.charset='utf-8';s.src=wp+\"\/\/jsc.mgid.com\/n\/o\/noticiastelered.com.290005.js?t=\"+D.getYear()+D.getMonth()+D.getUTCDate()+D.getUTCHours();c[ac](s);})(); <\/script><\/p>\n<\/div>\n<p><!-- Composite End --><\/p>\n","protected":false},"excerpt":{"rendered":"<p>El 15 de octubre iniciar\u00e1n inscripciones de solicitudes y el 21 de diciembre se dar\u00e1 a conocer a los seleccionados Este martes 1 de septiembre, salen las convocatorias para las cinco Becas Escolares que el gobierno municipal otorga a las [&hellip;]<\/p>\n","protected":false},"author":3,"featured_media":6348,"comment_status":"open","ping_status":"open","sticky":false,"template":"","format":"standard","meta":[],"categories":[63],"tags":[],"_links":{"self":[{"href":"http:\/\/noticiastelered.com\/PortalDNoticias\/wp-json\/wp\/v2\/posts\/9830"}],"collection":[{"href":"http:\/\/noticiastelered.com\/PortalDNoticias\/wp-json\/wp\/v2\/posts"}],"about":[{"href":"http:\/\/noticiastelered.com\/PortalDNoticias\/wp-json\/wp\/v2\/types\/post"}],"author":[{"embeddable":true,"href":"http:\/\/noticiastelered.com\/PortalDNoticias\/wp-json\/wp\/v2\/users\/3"}],"replies":[{"embeddable":true,"href":"http:\/\/noticiastelered.com\/PortalDNoticias\/wp-json\/wp\/v2\/comments?post=9830"}],"version-history":[{"count":1,"href":"http:\/\/noticiastelered.com\/PortalDNoticias\/wp-json\/wp\/v2\/posts\/9830\/revisions"}],"predecessor-version":[{"id":9832,"href":"http:\/\/noticiastelered.com\/PortalDNoticias\/wp-json\/wp\/v2\/posts\/9830\/revisions\/9832"}],"wp:featuredmedia":[{"embeddable":true,"href":"http:\/\/noticiastelered.com\/PortalDNoticias\/wp-json\/wp\/v2\/media\/6348"}],"wp:attachment":[{"href":"http:\/\/noticiastelered.com\/PortalDNoticias\/wp-json\/wp\/v2\/media?parent=9830"}],"wp:term":[{"taxonomy":"category","embeddable":true,"href":"http:\/\/noticiastelered.com\/PortalDNoticias\/wp-json\/wp\/v2\/categories?post=9830"},{"taxonomy":"post_tag","embeddable":true,"href":"http:\/\/noticiastelered.com\/PortalDNoticias\/wp-json\/wp\/v2\/tags?post=9830"}],"curies":[{"name":"wp","href":"https:\/\/api.w.org\/{rel}","templated":true}]}}