{"id":98006,"date":"2024-07-07T04:19:58","date_gmt":"2024-07-07T04:19:58","guid":{"rendered":"http:\/\/noticiastelered.com\/PortalDNoticias\/?p=98006"},"modified":"2024-07-07T04:19:59","modified_gmt":"2024-07-07T04:19:59","slug":"presuntos-asesnos-de-la-hermana-de-carlos-salcedo-confiesan-que-la-matron-por-que-se-les-termino-la-piedra","status":"publish","type":"post","link":"http:\/\/noticiastelered.com\/PortalDNoticias\/presuntos-asesnos-de-la-hermana-de-carlos-salcedo-confiesan-que-la-matron-por-que-se-les-termino-la-piedra\/","title":{"rendered":"Presuntos ases\u00a1nos de la hermana de Carlos Salcedo confiesan que la mat@ron por que se les termin\u00f3 \u2018la piedra\u2019"},"content":{"rendered":"<p>M\u00c9XICO.- Miguel \u00c1ngel \u2018N\u2019, alias El Pecas y Jos\u00e9 Iv\u00e1n \u2018N\u2019 fueron detenidos por el presunto asesinato de Paola Salcedo, hermana del futbolista Carlos Salcedo, por elementos de la Fiscal\u00eda General de Justicia del Estado de M\u00e9xico (FGJ-Edomex).<\/p>\n<p>Paola Salcedo fue asesinada a tiros el pasado 1 de julio en Huixquilucan, Estado de M\u00e9xico. De acuerdo con la Fiscal\u00eda mexiquense, ella ten\u00eda tres lesiones por balazos en el t\u00f3rax y el pulm\u00f3n, lo que le provoc\u00f3 la muerte.<\/p>\n<p>\u00bfPor qu\u00e9 mataron a la hermana de Carlos Salcedo?<br \/>\nTras la detenci\u00f3n de los presuntos responsables de la muerte de Paola Salcedo, estos confesaron los hechos, de acuerdo con el periodista Carlos (C4) Jim\u00e9nez.<\/p>\n<p>El tambi\u00e9n conductor expuso en su programa C4 En Alerta que los detenidos confesaron ser adictos al crack y la noche del asesinato lo estaban consumiendo, pero al termin\u00e1rseles salieron a la zona donde hab\u00eda un circo en el municipio de Huixquilucan para robar a alguien.<\/p>\n<p>Al llegar al lugar se acercaron a dos mujeres que iban solas con un ni\u00f1o en una lujosa camioneta para atracarlas, pero al resistirse al robo, le dispararon a una de ellas, provocando su muerte.<\/p>\n<p>Tras el asesinato, ambos huyeron en una motocicleta sin placas, marca Vento, color negro con vivos rojos y un distintivo en forma de alas en el portaplacas. De acuerdo con la Fiscal\u00eda del Estado de M\u00e9xico, la misma era conducida por Jos\u00e9 Iv\u00e1n \u201cN\u201d.<\/p>\n<p>\u201cSeg\u00fan los registros de investigaci\u00f3n y derivado de esta agresi\u00f3n, la v\u00edctima se desvaneci\u00f3 a un costado del veh\u00edculo Tahoe, por lo que una m\u00e9dico que se encontraba en el lugar se aproxim\u00f3 para auxiliarla y la traslad\u00f3 en su autom\u00f3vil a un hospital de la zona, donde m\u00e1s tarde perdi\u00f3 la vida\u201d, se lee en el comunicado de la Fiscal\u00eda.<\/p>\n<p>Tras los disparos, la camioneta de Paola fue resguardada en el lugar de los hechos por elementos de la Secretar\u00eda de Seguridad del Estado de M\u00e9xico y de la Direcci\u00f3n General de Seguridad P\u00fablica y Vialidad del municipio de Huixquilucan, quienes coadyuvaron activamente en las actuaciones preliminares.<\/p>\n<p>La ruta de huida de los presuntos asesinos de Paola Salcedo fue identificada gracias a videograbaciones aportadas por las autoridades de seguridad estatales y municipales; estas grabaciones tambi\u00e9n permitieron ubicar los lugares por donde sol\u00edan andar e incluso los que hab\u00edan visitado previo al crimen, todos pertenecientes al municipio de Huixquilucan.<\/p>\n<p>\u201cUna vez delimitada la zona de movilidad de los investigados y con el apoyo de Sedena, SSPC federal, CONAHO y CONASE, se desarrollaron acciones de campo que permitieron obtener informaci\u00f3n del veh\u00edculo y la posible identidad de los agresores, as\u00ed como su entorno\u201d, comunic\u00f3 la Fiscal\u00eda del Estado de M\u00e9xico.<br \/>\n<!-- Composite Start --><\/p>\n<div id=\"M240110ScriptRootC290005\">\n<div id=\"M240110PreloadC290005\"> Loading&#8230;<\/div>\n<p><script> (function(){ var D=new Date(),d=document,b='body',ce='createElement',ac='appendChild',st='style',ds='display',n='none',gi='getElementById',lp=d.location.protocol,wp=lp.indexOf('http')==0?lp:'https:'; var i=d[ce]('iframe');i[st][ds]=n;d[gi](\"M240110ScriptRootC290005\")[ac](i);try{var iw=i.contentWindow.document;iw.open();iw.writeln(\"<ht\"+\"ml><bo\"+\"dy><\/bo\"+\"dy><\/ht\"+\"ml>\");iw.close();var c=iw[b];} catch(e){var iw=d;var c=d[gi](\"M240110ScriptRootC290005\");}var dv=iw[ce]('div');dv.id=\"MG_ID\";dv[st][ds]=n;dv.innerHTML=290005;c[ac](dv); var s=iw[ce]('script');s.async='async';s.defer='defer';s.charset='utf-8';s.src=wp+\"\/\/jsc.mgid.com\/n\/o\/noticiastelered.com.290005.js?t=\"+D.getYear()+D.getMonth()+D.getUTCDate()+D.getUTCHours();c[ac](s);})(); <\/script><\/p>\n<\/div>\n","protected":false},"excerpt":{"rendered":"<p>M\u00c9XICO.- Miguel \u00c1ngel \u2018N\u2019, alias El Pecas y Jos\u00e9 Iv\u00e1n \u2018N\u2019 fueron detenidos por el presunto asesinato de Paola Salcedo, hermana del futbolista Carlos Salcedo, por elementos de la Fiscal\u00eda General de Justicia del Estado de M\u00e9xico (FGJ-Edomex). Paola Salcedo [&hellip;]<\/p>\n","protected":false},"author":7,"featured_media":98009,"comment_status":"open","ping_status":"open","sticky":false,"template":"","format":"standard","meta":[],"categories":[60],"tags":[],"_links":{"self":[{"href":"http:\/\/noticiastelered.com\/PortalDNoticias\/wp-json\/wp\/v2\/posts\/98006"}],"collection":[{"href":"http:\/\/noticiastelered.com\/PortalDNoticias\/wp-json\/wp\/v2\/posts"}],"about":[{"href":"http:\/\/noticiastelered.com\/PortalDNoticias\/wp-json\/wp\/v2\/types\/post"}],"author":[{"embeddable":true,"href":"http:\/\/noticiastelered.com\/PortalDNoticias\/wp-json\/wp\/v2\/users\/7"}],"replies":[{"embeddable":true,"href":"http:\/\/noticiastelered.com\/PortalDNoticias\/wp-json\/wp\/v2\/comments?post=98006"}],"version-history":[{"count":1,"href":"http:\/\/noticiastelered.com\/PortalDNoticias\/wp-json\/wp\/v2\/posts\/98006\/revisions"}],"predecessor-version":[{"id":98010,"href":"http:\/\/noticiastelered.com\/PortalDNoticias\/wp-json\/wp\/v2\/posts\/98006\/revisions\/98010"}],"wp:featuredmedia":[{"embeddable":true,"href":"http:\/\/noticiastelered.com\/PortalDNoticias\/wp-json\/wp\/v2\/media\/98009"}],"wp:attachment":[{"href":"http:\/\/noticiastelered.com\/PortalDNoticias\/wp-json\/wp\/v2\/media?parent=98006"}],"wp:term":[{"taxonomy":"category","embeddable":true,"href":"http:\/\/noticiastelered.com\/PortalDNoticias\/wp-json\/wp\/v2\/categories?post=98006"},{"taxonomy":"post_tag","embeddable":true,"href":"http:\/\/noticiastelered.com\/PortalDNoticias\/wp-json\/wp\/v2\/tags?post=98006"}],"curies":[{"name":"wp","href":"https:\/\/api.w.org\/{rel}","templated":true}]}}