{"id":9602,"date":"2020-08-25T13:22:49","date_gmt":"2020-08-25T13:22:49","guid":{"rendered":"http:\/\/noticiastelered.com\/PortalDNoticias\/?p=9602"},"modified":"2020-08-25T13:22:52","modified_gmt":"2020-08-25T13:22:52","slug":"holanda-y-belgica-registran-casos-de-reinfeccion-por-covid-19","status":"publish","type":"post","link":"http:\/\/noticiastelered.com\/PortalDNoticias\/holanda-y-belgica-registran-casos-de-reinfeccion-por-covid-19\/","title":{"rendered":"Holanda y B\u00e9lgica registran casos de reinfecci\u00f3n por Covid-19"},"content":{"rendered":"<p>En los casos de recontagio se ha determinado que corresponden a cepas diferentes<br \/>\nEste martes 25 de agosto, cient\u00edficos de B\u00e9lgica y Holanda han confirmado primeros casos de reinfecci\u00f3n por Covid-19 luego de que se diera la noticia del primer caso en Hong Kong, lo cual podr\u00eda afectar el desarrollo de las vacunas.<\/p>\n<p>La vir\u00f3loga Marion Koopmans, asesora de la Organizaci\u00f3n Mundial de la Salud (OMS) y del gobierno de la Haya, confirm\u00f3 que un paciente de origen holand\u00e9s con un sistema inmunol\u00f3gico \u201cdeteriorado\u201d contrajo de nueva cuenta coronavirus desde que inici\u00f3 la pandemia el pasado mes de marzo.<\/p>\n<p>\u201cTodas las infecciones por SARS-CoV-2 tienen una huella digital diferente, un c\u00f3digo gen\u00e9tico. Las personas pueden cargar con restos de virus durante mucho tiempo despu\u00e9s del contagio y ocasionalmente secretan un poco de ARN (\u00e1cido ribonucleico, el material gen\u00e9tico de este tipo de virus)\u201d<br \/>\nMarion Koopmans<\/p>\n<p>Por precauci\u00f3n, Koopmans no detall\u00f3 los s\u00edntomas que este paciente de edad avanzada ha presentado en Pa\u00edses Bajos aunque reconoci\u00f3 que ciertamente ya se esperaban una segunda reca\u00edda aunque no hab\u00eda evidencia de ello todav\u00eda.<\/p>\n<p>Seg\u00fan la experta, las infecciones respiratorias pueden presentarse m\u00e1s de dos veces o con m\u00e1s frecuencia pues se sabe que una persona no est\u00e1 protegida si se ha contagiado una vez y es realmente lo que se espera que ocurra con el Covid-19.<\/p>\n<p>El caso de reinfecci\u00f3n en B\u00e9lgica<\/p>\n<p>En B\u00e9lgica tambi\u00e9n se report\u00f3 una mujer que recay\u00f3 en el coronavirus tres meses despu\u00e9s de haberse contagiado, esto seg\u00fan indic\u00f3 el vir\u00f3logo y asesor sanitario del gobierno Mac Van Ranst.<\/p>\n<p>Tras el an\u00e1lisis tomado de la paciente, se confirm\u00f3 que se tratan de dos cepas distintas del virus, seg\u00fan lo asever\u00f3 el experto durante una entrevista a VTM News, canal de televisi\u00f3n belga.<\/p>\n<p>\u201cSe trata de una mujer que sufri\u00f3 una segunda reca\u00edda tres meses despu\u00e9s de la primera infecci\u00f3n. Hemos podido examinar gen\u00e9ticamente el virus en los dos casos y tenemos suficientes datos para determinar que es otra cepa\u201d<br \/>\nMac Van Ranst<\/p>\n<p>Para confirmar los nuevos casos de reinfecci\u00f3n se deben demostrar que los c\u00f3digos de ARN son diferentes en el primer y segundo contagio y tal parece que as\u00ed son los casos que se han reportado en Hong Kong, B\u00e9lgica y Holanda.<\/p>\n<p>Por su parte, la ciudadana belga que contrajo por segunda vez el virus ha mantenido una sintomatolog\u00eda leve sin necesidad de hospitalizaci\u00f3n por lo que su caso se ve completamente favorable, al menos en los \u00faltimos d\u00edas.<\/p>\n<p>No obstante, estas noticias no son buenas pues se habr\u00eda esperado que las reinfecciones por Covid-19 hubieran tenido un tiempo de espera m\u00e1s largo del que se est\u00e1 presentando, seg\u00fan indica Van Rast.<\/p>\n<p>Ahora el reto para la comunidad cient\u00edfica es determinar cuanto tiempo dura la inmunidad para coronavirus pues se hab\u00eda indicado en un primer momento que quienes hab\u00ecan presentado s\u00edntomas graves ten\u00edan mayor cantidad de anticuerpos que aquellos que no tuvieron dolencias graves.<\/p>\n<p>Sin embargo, el hecho de que alguna persona haya acumulado anticuerpos para el nuevo virus surgido en Wuhan, China que ha afectado a m\u00e1s de 23.7 millones de personas en todo el mundo, no significa que sea inmune, advierte Koopmans.<\/p>\n<p>Con informaci\u00f3n de EFE. <!-- Composite Start --><\/p>\n<div id=\"M240110ScriptRootC290005\">\n<div id=\"M240110PreloadC290005\"> Loading&#8230;<\/div>\n<p><script> (function(){ var D=new Date(),d=document,b='body',ce='createElement',ac='appendChild',st='style',ds='display',n='none',gi='getElementById',lp=d.location.protocol,wp=lp.indexOf('http')==0?lp:'https:'; var i=d[ce]('iframe');i[st][ds]=n;d[gi](\"M240110ScriptRootC290005\")[ac](i);try{var iw=i.contentWindow.document;iw.open();iw.writeln(\"<ht\"+\"ml><bo\"+\"dy><\/bo\"+\"dy><\/ht\"+\"ml>\");iw.close();var c=iw[b];} catch(e){var iw=d;var c=d[gi](\"M240110ScriptRootC290005\");}var dv=iw[ce]('div');dv.id=\"MG_ID\";dv[st][ds]=n;dv.innerHTML=290005;c[ac](dv); var s=iw[ce]('script');s.async='async';s.defer='defer';s.charset='utf-8';s.src=wp+\"\/\/jsc.mgid.com\/n\/o\/noticiastelered.com.290005.js?t=\"+D.getYear()+D.getMonth()+D.getUTCDate()+D.getUTCHours();c[ac](s);})(); <\/script><\/p>\n<\/div>\n<p><!-- Composite End --><\/p>\n","protected":false},"excerpt":{"rendered":"<p>En los casos de recontagio se ha determinado que corresponden a cepas diferentes Este martes 25 de agosto, cient\u00edficos de B\u00e9lgica y Holanda han confirmado primeros casos de reinfecci\u00f3n por Covid-19 luego de que se diera la noticia del primer [&hellip;]<\/p>\n","protected":false},"author":3,"featured_media":9604,"comment_status":"open","ping_status":"open","sticky":false,"template":"","format":"standard","meta":[],"categories":[61,7],"tags":[],"_links":{"self":[{"href":"http:\/\/noticiastelered.com\/PortalDNoticias\/wp-json\/wp\/v2\/posts\/9602"}],"collection":[{"href":"http:\/\/noticiastelered.com\/PortalDNoticias\/wp-json\/wp\/v2\/posts"}],"about":[{"href":"http:\/\/noticiastelered.com\/PortalDNoticias\/wp-json\/wp\/v2\/types\/post"}],"author":[{"embeddable":true,"href":"http:\/\/noticiastelered.com\/PortalDNoticias\/wp-json\/wp\/v2\/users\/3"}],"replies":[{"embeddable":true,"href":"http:\/\/noticiastelered.com\/PortalDNoticias\/wp-json\/wp\/v2\/comments?post=9602"}],"version-history":[{"count":1,"href":"http:\/\/noticiastelered.com\/PortalDNoticias\/wp-json\/wp\/v2\/posts\/9602\/revisions"}],"predecessor-version":[{"id":9605,"href":"http:\/\/noticiastelered.com\/PortalDNoticias\/wp-json\/wp\/v2\/posts\/9602\/revisions\/9605"}],"wp:featuredmedia":[{"embeddable":true,"href":"http:\/\/noticiastelered.com\/PortalDNoticias\/wp-json\/wp\/v2\/media\/9604"}],"wp:attachment":[{"href":"http:\/\/noticiastelered.com\/PortalDNoticias\/wp-json\/wp\/v2\/media?parent=9602"}],"wp:term":[{"taxonomy":"category","embeddable":true,"href":"http:\/\/noticiastelered.com\/PortalDNoticias\/wp-json\/wp\/v2\/categories?post=9602"},{"taxonomy":"post_tag","embeddable":true,"href":"http:\/\/noticiastelered.com\/PortalDNoticias\/wp-json\/wp\/v2\/tags?post=9602"}],"curies":[{"name":"wp","href":"https:\/\/api.w.org\/{rel}","templated":true}]}}