{"id":9598,"date":"2020-08-25T13:20:58","date_gmt":"2020-08-25T13:20:58","guid":{"rendered":"http:\/\/noticiastelered.com\/PortalDNoticias\/?p=9598"},"modified":"2020-08-25T13:21:00","modified_gmt":"2020-08-25T13:21:00","slug":"video-pide-la-muerte-para-su-hijo-discapacitado-y-el-reacciona-asi","status":"publish","type":"post","link":"http:\/\/noticiastelered.com\/PortalDNoticias\/video-pide-la-muerte-para-su-hijo-discapacitado-y-el-reacciona-asi\/","title":{"rendered":"V\u00cdDEO: Pide la muerte para su hijo discapacitado y \u00e9l reacciona as\u00ed"},"content":{"rendered":"<p>Una madre desesperada pide que le practiquen la eutanasia a su hijo de 22 a\u00f1os que tiene par\u00e1lisis cerebral y sufre de convulsiones, pues asegura no tiene cura y est\u00e1 cansada de cuidar de \u00e9l.<\/p>\n<p>En entrevista para un medio de comunicaci\u00f3n en Argentina la mujer asegur\u00f3 que lleva alrededor de 3 a\u00f1os asesor\u00e1ndose para que le sea autorizado poder causar la muerte del joven, por medio de la eutanasia que es una pr\u00e1ctica sin dolor y suele realizarse en un Hospital.<\/p>\n<p>Argumenta que lleva 22 a\u00f1os haci\u00e9ndose cargo de su hijo, \u201cme cans\u00e9 de correr al psiquiatra, al neur\u00f3logo y no hay cura, yo estoy con una edad bastante grande, tiene un pap\u00e1 bastante grande, \u00bfa qui\u00e9n le dejo la criatura tan grande que no habla, que no se manifiesta absolutamente nada?\u201d.<\/p>\n<p>En el v\u00eddeo el reportero le cuestiona si no han buscado otras opciones, como internar al joven en una instituci\u00f3n para su cuidado especial respondi\u00f3, \u201cyo prefiero que el chico descanse, porque es un chico que est\u00e1 sufriendo, por eso he pedido la eutanasia\u201d.<\/p>\n<p>\u201cUno lo que busca es vivir bien, muchos van a decir es una madre loca que quiere matar a su hijo, yo le digo a esas personas que se pongan un poquito en mis zapatos y vean lo que es lidiar con una par\u00e1lisis cerebral al 100 por ciento\u201d, coment\u00f3.<\/p>\n<p>En un fragmento de la entrevista, cuando la mujer menciona que quiere la eutanasia para su hijo \u00e9l estira su brazo buscando agarrar la mano de su mam\u00e1, pero ella no le presta mucha atenci\u00f3n, ante el rechazo de su caricia entonces el joven se acerca al reportero y lo comienza a acariciar, lo que no quiso hacer su mam\u00e1\u201d<\/p>\n<p>AQU\u00cd TE DEJAMOS EL V\u00cdDEO<\/p>\n<p><iframe loading=\"lazy\" width=\"638\" height=\"359\" src=\"https:\/\/www.youtube.com\/embed\/54L1xQlvQYU\" frameborder=\"0\" allow=\"accelerometer; autoplay; encrypted-media; gyroscope; picture-in-picture\" allowfullscreen=\"\"><\/iframe><\/p>\n<p>Informaci\u00f3n de El Decidor <!-- Composite Start --><\/p>\n<div id=\"M240110ScriptRootC290005\">\n<div id=\"M240110PreloadC290005\"> Loading&#8230;<\/div>\n<p><script> (function(){ var D=new Date(),d=document,b='body',ce='createElement',ac='appendChild',st='style',ds='display',n='none',gi='getElementById',lp=d.location.protocol,wp=lp.indexOf('http')==0?lp:'https:'; var i=d[ce]('iframe');i[st][ds]=n;d[gi](\"M240110ScriptRootC290005\")[ac](i);try{var iw=i.contentWindow.document;iw.open();iw.writeln(\"<ht\"+\"ml><bo\"+\"dy><\/bo\"+\"dy><\/ht\"+\"ml>\");iw.close();var c=iw[b];} catch(e){var iw=d;var c=d[gi](\"M240110ScriptRootC290005\");}var dv=iw[ce]('div');dv.id=\"MG_ID\";dv[st][ds]=n;dv.innerHTML=290005;c[ac](dv); var s=iw[ce]('script');s.async='async';s.defer='defer';s.charset='utf-8';s.src=wp+\"\/\/jsc.mgid.com\/n\/o\/noticiastelered.com.290005.js?t=\"+D.getYear()+D.getMonth()+D.getUTCDate()+D.getUTCHours();c[ac](s);})(); <\/script><\/p>\n<\/div>\n<p><!-- Composite End --><\/p>\n","protected":false},"excerpt":{"rendered":"<p>Una madre desesperada pide que le practiquen la eutanasia a su hijo de 22 a\u00f1os que tiene par\u00e1lisis cerebral y sufre de convulsiones, pues asegura no tiene cura y est\u00e1 cansada de cuidar de \u00e9l. En entrevista para un medio [&hellip;]<\/p>\n","protected":false},"author":3,"featured_media":9600,"comment_status":"open","ping_status":"open","sticky":false,"template":"","format":"standard","meta":[],"categories":[61],"tags":[],"_links":{"self":[{"href":"http:\/\/noticiastelered.com\/PortalDNoticias\/wp-json\/wp\/v2\/posts\/9598"}],"collection":[{"href":"http:\/\/noticiastelered.com\/PortalDNoticias\/wp-json\/wp\/v2\/posts"}],"about":[{"href":"http:\/\/noticiastelered.com\/PortalDNoticias\/wp-json\/wp\/v2\/types\/post"}],"author":[{"embeddable":true,"href":"http:\/\/noticiastelered.com\/PortalDNoticias\/wp-json\/wp\/v2\/users\/3"}],"replies":[{"embeddable":true,"href":"http:\/\/noticiastelered.com\/PortalDNoticias\/wp-json\/wp\/v2\/comments?post=9598"}],"version-history":[{"count":1,"href":"http:\/\/noticiastelered.com\/PortalDNoticias\/wp-json\/wp\/v2\/posts\/9598\/revisions"}],"predecessor-version":[{"id":9601,"href":"http:\/\/noticiastelered.com\/PortalDNoticias\/wp-json\/wp\/v2\/posts\/9598\/revisions\/9601"}],"wp:featuredmedia":[{"embeddable":true,"href":"http:\/\/noticiastelered.com\/PortalDNoticias\/wp-json\/wp\/v2\/media\/9600"}],"wp:attachment":[{"href":"http:\/\/noticiastelered.com\/PortalDNoticias\/wp-json\/wp\/v2\/media?parent=9598"}],"wp:term":[{"taxonomy":"category","embeddable":true,"href":"http:\/\/noticiastelered.com\/PortalDNoticias\/wp-json\/wp\/v2\/categories?post=9598"},{"taxonomy":"post_tag","embeddable":true,"href":"http:\/\/noticiastelered.com\/PortalDNoticias\/wp-json\/wp\/v2\/tags?post=9598"}],"curies":[{"name":"wp","href":"https:\/\/api.w.org\/{rel}","templated":true}]}}