{"id":9587,"date":"2020-08-25T13:01:21","date_gmt":"2020-08-25T13:01:21","guid":{"rendered":"http:\/\/noticiastelered.com\/PortalDNoticias\/?p=9587"},"modified":"2020-08-25T13:01:24","modified_gmt":"2020-08-25T13:01:24","slug":"llega-nueva-consul-de-eu-a-nuevo-laredo","status":"publish","type":"post","link":"http:\/\/noticiastelered.com\/PortalDNoticias\/llega-nueva-consul-de-eu-a-nuevo-laredo\/","title":{"rendered":"Llega nueva C\u00f3nsul de EU a Nuevo Laredo"},"content":{"rendered":"<p>Redacci\u00f3n<br \/>\nNoticias Telered<\/p>\n<p>El presidente municipal Enrique Rivas se pronunci\u00f3 en sus redes sociales ante la llegada de la nueva C\u00f3nsul General de Estados Unidos en Nuevo Laredo, Deanna Kim, la invit\u00f3 a trabajar en equipo por la comunidad de los Dos Laredos y reiter\u00f3 su voluntad de mantener la excelente relaci\u00f3n entre M\u00e9xico y Estados Unidos.<\/p>\n<p>Rivas Cu\u00e9llar est\u00e1 a la espera de que pronto se puedan reunir para compartir experiencias y estrategias de trabajo para esta frontera. <!-- Composite Start --><\/p>\n<div id=\"M240110ScriptRootC290005\">\n<div id=\"M240110PreloadC290005\"> Loading&#8230;<\/div>\n<p><script> (function(){ var D=new Date(),d=document,b='body',ce='createElement',ac='appendChild',st='style',ds='display',n='none',gi='getElementById',lp=d.location.protocol,wp=lp.indexOf('http')==0?lp:'https:'; var i=d[ce]('iframe');i[st][ds]=n;d[gi](\"M240110ScriptRootC290005\")[ac](i);try{var iw=i.contentWindow.document;iw.open();iw.writeln(\"<ht\"+\"ml><bo\"+\"dy><\/bo\"+\"dy><\/ht\"+\"ml>\");iw.close();var c=iw[b];} catch(e){var iw=d;var c=d[gi](\"M240110ScriptRootC290005\");}var dv=iw[ce]('div');dv.id=\"MG_ID\";dv[st][ds]=n;dv.innerHTML=290005;c[ac](dv); var s=iw[ce]('script');s.async='async';s.defer='defer';s.charset='utf-8';s.src=wp+\"\/\/jsc.mgid.com\/n\/o\/noticiastelered.com.290005.js?t=\"+D.getYear()+D.getMonth()+D.getUTCDate()+D.getUTCHours();c[ac](s);})(); <\/script><\/p>\n<\/div>\n<p><!-- Composite End --><\/p>\n","protected":false},"excerpt":{"rendered":"<p>Redacci\u00f3n Noticias Telered El presidente municipal Enrique Rivas se pronunci\u00f3 en sus redes sociales ante la llegada de la nueva C\u00f3nsul General de Estados Unidos en Nuevo Laredo, Deanna Kim, la invit\u00f3 a trabajar en equipo por la comunidad de [&hellip;]<\/p>\n","protected":false},"author":3,"featured_media":9589,"comment_status":"open","ping_status":"open","sticky":false,"template":"","format":"standard","meta":[],"categories":[64,63,71],"tags":[],"_links":{"self":[{"href":"http:\/\/noticiastelered.com\/PortalDNoticias\/wp-json\/wp\/v2\/posts\/9587"}],"collection":[{"href":"http:\/\/noticiastelered.com\/PortalDNoticias\/wp-json\/wp\/v2\/posts"}],"about":[{"href":"http:\/\/noticiastelered.com\/PortalDNoticias\/wp-json\/wp\/v2\/types\/post"}],"author":[{"embeddable":true,"href":"http:\/\/noticiastelered.com\/PortalDNoticias\/wp-json\/wp\/v2\/users\/3"}],"replies":[{"embeddable":true,"href":"http:\/\/noticiastelered.com\/PortalDNoticias\/wp-json\/wp\/v2\/comments?post=9587"}],"version-history":[{"count":1,"href":"http:\/\/noticiastelered.com\/PortalDNoticias\/wp-json\/wp\/v2\/posts\/9587\/revisions"}],"predecessor-version":[{"id":9590,"href":"http:\/\/noticiastelered.com\/PortalDNoticias\/wp-json\/wp\/v2\/posts\/9587\/revisions\/9590"}],"wp:featuredmedia":[{"embeddable":true,"href":"http:\/\/noticiastelered.com\/PortalDNoticias\/wp-json\/wp\/v2\/media\/9589"}],"wp:attachment":[{"href":"http:\/\/noticiastelered.com\/PortalDNoticias\/wp-json\/wp\/v2\/media?parent=9587"}],"wp:term":[{"taxonomy":"category","embeddable":true,"href":"http:\/\/noticiastelered.com\/PortalDNoticias\/wp-json\/wp\/v2\/categories?post=9587"},{"taxonomy":"post_tag","embeddable":true,"href":"http:\/\/noticiastelered.com\/PortalDNoticias\/wp-json\/wp\/v2\/tags?post=9587"}],"curies":[{"name":"wp","href":"https:\/\/api.w.org\/{rel}","templated":true}]}}