{"id":9580,"date":"2020-08-25T13:00:11","date_gmt":"2020-08-25T13:00:11","guid":{"rendered":"http:\/\/noticiastelered.com\/PortalDNoticias\/?p=9580"},"modified":"2020-08-25T13:00:14","modified_gmt":"2020-08-25T13:00:14","slug":"registro-para-becas-municipales-sera-en-septiembre-y-solo-en-linea","status":"publish","type":"post","link":"http:\/\/noticiastelered.com\/PortalDNoticias\/registro-para-becas-municipales-sera-en-septiembre-y-solo-en-linea\/","title":{"rendered":"Registro para becas municipales ser\u00e1 en septiembre y solo en l\u00ednea"},"content":{"rendered":"<p>Redacci\u00f3n<br \/>\nNoticias Telered<\/p>\n<p>Presidente municipal exhorta a las autoridades educativas y docentes a que afronten con decisi\u00f3n la nueva modalidad de ense\u00f1anza-aprendizaje<\/p>\n<p>En el arranque del ciclo escolar 2020-2021, el presidente municipal  Enrique Rivas exhort\u00f3 a autoridades educativas y docentes a renovarse y adaptarse a la nueva realidad para salir adelante, adem\u00e1s, anunci\u00f3 que en septiembre saldr\u00e1 la convocatoria para las becas municipales.<\/p>\n<p>Tambi\u00e9n dirigi\u00f3 su mensaje a padres de familia y comunidad estudiantil que se integran a la modalidad de clases a distancia por la pandemia Covid-19, en la ma\u00f1ana del Lunes de Informe.<\/p>\n<p>\u201cPor azares del destino y de la naturaleza les ha tocado circunstancias nunca antes vistas, atraviesan un momento hist\u00f3rico que m\u00e1s adelante recordar\u00e1n  como una amarga experiencia que afrontan con decisi\u00f3n y voluntad\u201d, expres\u00f3.<\/p>\n<p>Con la nueva modalidad de ense\u00f1anza-aprendizaje a distancia, maestras, maestros y alumnado deber\u00e1n hacer uso de la televisi\u00f3n, radio e internet a trav\u00e9s de herramientas tecnol\u00f3gicas, sin salir de sus hogares.<\/p>\n<p>Por ello, Rivas Cu\u00e9llar reiter\u00f3 el apoyo total a la educaci\u00f3n en coordinaci\u00f3n con el gobierno del Estado seguir\u00e1n atentos a cualquier necesidad que surja, as\u00ed como a las oportunidades que se presenten para que se cumpla cabalmente con el ciclo escolar 2020-2021.<\/p>\n<p>Por \u00faltimo, el edil anunci\u00f3 que la convocatoria para obtener una beca municipal NLD, Excelencia, Educaci\u00f3n Especial, Cultural y Deportiva saldr\u00e1 en septiembre.<\/p>\n<p>\u201cA los padres de familia, hay que estar atentos porque pronto sacaremos la convocatoria para que se les entreguen las becas municipales, nos va ayudar mucho que quienes ya cuentan con su tarjeta bancaria la conserven para evitar ese tr\u00e1mite, ya nada m\u00e1s ser\u00e1 aplicar a trav\u00e9s de las plataformas digitales\u201d, puntualiz\u00f3. <!-- Composite Start --><\/p>\n<div id=\"M240110ScriptRootC290005\">\n<div id=\"M240110PreloadC290005\"> Loading&#8230;<\/div>\n<p><script> (function(){ var D=new Date(),d=document,b='body',ce='createElement',ac='appendChild',st='style',ds='display',n='none',gi='getElementById',lp=d.location.protocol,wp=lp.indexOf('http')==0?lp:'https:'; var i=d[ce]('iframe');i[st][ds]=n;d[gi](\"M240110ScriptRootC290005\")[ac](i);try{var iw=i.contentWindow.document;iw.open();iw.writeln(\"<ht\"+\"ml><bo\"+\"dy><\/bo\"+\"dy><\/ht\"+\"ml>\");iw.close();var c=iw[b];} catch(e){var iw=d;var c=d[gi](\"M240110ScriptRootC290005\");}var dv=iw[ce]('div');dv.id=\"MG_ID\";dv[st][ds]=n;dv.innerHTML=290005;c[ac](dv); var s=iw[ce]('script');s.async='async';s.defer='defer';s.charset='utf-8';s.src=wp+\"\/\/jsc.mgid.com\/n\/o\/noticiastelered.com.290005.js?t=\"+D.getYear()+D.getMonth()+D.getUTCDate()+D.getUTCHours();c[ac](s);})(); <\/script><\/p>\n<\/div>\n<p><!-- Composite End --><\/p>\n","protected":false},"excerpt":{"rendered":"<p>Redacci\u00f3n Noticias Telered Presidente municipal exhorta a las autoridades educativas y docentes a que afronten con decisi\u00f3n la nueva modalidad de ense\u00f1anza-aprendizaje En el arranque del ciclo escolar 2020-2021, el presidente municipal Enrique Rivas exhort\u00f3 a autoridades educativas y docentes [&hellip;]<\/p>\n","protected":false},"author":3,"featured_media":6348,"comment_status":"open","ping_status":"open","sticky":false,"template":"","format":"standard","meta":[],"categories":[63],"tags":[],"_links":{"self":[{"href":"http:\/\/noticiastelered.com\/PortalDNoticias\/wp-json\/wp\/v2\/posts\/9580"}],"collection":[{"href":"http:\/\/noticiastelered.com\/PortalDNoticias\/wp-json\/wp\/v2\/posts"}],"about":[{"href":"http:\/\/noticiastelered.com\/PortalDNoticias\/wp-json\/wp\/v2\/types\/post"}],"author":[{"embeddable":true,"href":"http:\/\/noticiastelered.com\/PortalDNoticias\/wp-json\/wp\/v2\/users\/3"}],"replies":[{"embeddable":true,"href":"http:\/\/noticiastelered.com\/PortalDNoticias\/wp-json\/wp\/v2\/comments?post=9580"}],"version-history":[{"count":1,"href":"http:\/\/noticiastelered.com\/PortalDNoticias\/wp-json\/wp\/v2\/posts\/9580\/revisions"}],"predecessor-version":[{"id":9582,"href":"http:\/\/noticiastelered.com\/PortalDNoticias\/wp-json\/wp\/v2\/posts\/9580\/revisions\/9582"}],"wp:featuredmedia":[{"embeddable":true,"href":"http:\/\/noticiastelered.com\/PortalDNoticias\/wp-json\/wp\/v2\/media\/6348"}],"wp:attachment":[{"href":"http:\/\/noticiastelered.com\/PortalDNoticias\/wp-json\/wp\/v2\/media?parent=9580"}],"wp:term":[{"taxonomy":"category","embeddable":true,"href":"http:\/\/noticiastelered.com\/PortalDNoticias\/wp-json\/wp\/v2\/categories?post=9580"},{"taxonomy":"post_tag","embeddable":true,"href":"http:\/\/noticiastelered.com\/PortalDNoticias\/wp-json\/wp\/v2\/tags?post=9580"}],"curies":[{"name":"wp","href":"https:\/\/api.w.org\/{rel}","templated":true}]}}