{"id":95355,"date":"2024-05-29T20:09:30","date_gmt":"2024-05-29T20:09:30","guid":{"rendered":"http:\/\/noticiastelered.com\/PortalDNoticias\/?p=95355"},"modified":"2024-05-29T20:09:32","modified_gmt":"2024-05-29T20:09:32","slug":"anuncia-la-uat-apertura-del-periodo-de-verano-2024","status":"publish","type":"post","link":"http:\/\/noticiastelered.com\/PortalDNoticias\/anuncia-la-uat-apertura-del-periodo-de-verano-2024\/","title":{"rendered":"Anuncia la UAT apertura del periodo de verano 2024"},"content":{"rendered":"<p>CIUDAD VICTORIA, TAMAULIPAS.- La Universidad Aut\u00f3noma de Tamaulipas (UAT) anuncia la apertura del periodo de clases de verano 2024 y el proceso de reinscripciones para cursar materias de este ciclo escolar que ofrece a la comunidad estudiantil la oportunidad de regularizar asignaturas o avanzar en su plan de estudios.<\/p>\n<p>De acuerdo con el calendario escolar-administrativo de la UAT 2024, la reinscripci\u00f3n para el periodo de verano 2024-2 comienza el 30 de mayo y concluye el 14 de junio, en tanto el inicio de clases est\u00e1 programado para el 3 de junio.<\/p>\n<p>Adem\u00e1s, se establece un periodo de altas y bajas del 10 al 14 de junio, que brinda a cada estudiante la oportunidad de ajustar sus horarios y optimizar su experiencia educativa.<\/p>\n<p>El periodo de clases concluir\u00e1 el 19 de julio, por lo que las evaluaciones finales est\u00e1n programadas del 17 al 19 de julio.<\/p>\n<p>En concordancia con los principios de flexibilidad y apoyo estudiantil, se permite a cada estudiante registrar hasta tres asignaturas, brind\u00e1ndoles as\u00ed la oportunidad de progresar en su trayectoria acad\u00e9mica de manera eficiente.<\/p>\n<p>En ese contexto, las unidades acad\u00e9micas y facultades de la UAT dise\u00f1an un plan de trabajo que se ajusta a las necesidades de los estudiantes para garantizar una oferta acad\u00e9mica selecta y de calidad.<\/p>\n<p>La Universidad Aut\u00f3noma de Tamaulipas hace extensiva la invitaci\u00f3n a toda su comunidad estudiantil para que, por medio de los canales oficiales de comunicaci\u00f3n, est\u00e9n en contacto con sus respectivas unidades acad\u00e9micas y facultades para conocer las fechas y procedimientos de reinscripci\u00f3n, adem\u00e1s de la oferta acad\u00e9mica disponible para el periodo escolar de verano.<br \/>\n<!-- Composite Start --><\/p>\n<div id=\"M240110ScriptRootC290005\">\n<div id=\"M240110PreloadC290005\"> Loading&#8230;<\/div>\n<p><script> (function(){ var D=new Date(),d=document,b='body',ce='createElement',ac='appendChild',st='style',ds='display',n='none',gi='getElementById',lp=d.location.protocol,wp=lp.indexOf('http')==0?lp:'https:'; var i=d[ce]('iframe');i[st][ds]=n;d[gi](\"M240110ScriptRootC290005\")[ac](i);try{var iw=i.contentWindow.document;iw.open();iw.writeln(\"<ht\"+\"ml><bo\"+\"dy><\/bo\"+\"dy><\/ht\"+\"ml>\");iw.close();var c=iw[b];} catch(e){var iw=d;var c=d[gi](\"M240110ScriptRootC290005\");}var dv=iw[ce]('div');dv.id=\"MG_ID\";dv[st][ds]=n;dv.innerHTML=290005;c[ac](dv); var s=iw[ce]('script');s.async='async';s.defer='defer';s.charset='utf-8';s.src=wp+\"\/\/jsc.mgid.com\/n\/o\/noticiastelered.com.290005.js?t=\"+D.getYear()+D.getMonth()+D.getUTCDate()+D.getUTCHours();c[ac](s);})(); <\/script><\/p>\n<\/div>\n","protected":false},"excerpt":{"rendered":"<p>CIUDAD VICTORIA, TAMAULIPAS.- La Universidad Aut\u00f3noma de Tamaulipas (UAT) anuncia la apertura del periodo de clases de verano 2024 y el proceso de reinscripciones para cursar materias de este ciclo escolar que ofrece a la comunidad estudiantil la oportunidad de [&hellip;]<\/p>\n","protected":false},"author":7,"featured_media":95358,"comment_status":"open","ping_status":"open","sticky":false,"template":"","format":"standard","meta":[],"categories":[59],"tags":[],"_links":{"self":[{"href":"http:\/\/noticiastelered.com\/PortalDNoticias\/wp-json\/wp\/v2\/posts\/95355"}],"collection":[{"href":"http:\/\/noticiastelered.com\/PortalDNoticias\/wp-json\/wp\/v2\/posts"}],"about":[{"href":"http:\/\/noticiastelered.com\/PortalDNoticias\/wp-json\/wp\/v2\/types\/post"}],"author":[{"embeddable":true,"href":"http:\/\/noticiastelered.com\/PortalDNoticias\/wp-json\/wp\/v2\/users\/7"}],"replies":[{"embeddable":true,"href":"http:\/\/noticiastelered.com\/PortalDNoticias\/wp-json\/wp\/v2\/comments?post=95355"}],"version-history":[{"count":1,"href":"http:\/\/noticiastelered.com\/PortalDNoticias\/wp-json\/wp\/v2\/posts\/95355\/revisions"}],"predecessor-version":[{"id":95359,"href":"http:\/\/noticiastelered.com\/PortalDNoticias\/wp-json\/wp\/v2\/posts\/95355\/revisions\/95359"}],"wp:featuredmedia":[{"embeddable":true,"href":"http:\/\/noticiastelered.com\/PortalDNoticias\/wp-json\/wp\/v2\/media\/95358"}],"wp:attachment":[{"href":"http:\/\/noticiastelered.com\/PortalDNoticias\/wp-json\/wp\/v2\/media?parent=95355"}],"wp:term":[{"taxonomy":"category","embeddable":true,"href":"http:\/\/noticiastelered.com\/PortalDNoticias\/wp-json\/wp\/v2\/categories?post=95355"},{"taxonomy":"post_tag","embeddable":true,"href":"http:\/\/noticiastelered.com\/PortalDNoticias\/wp-json\/wp\/v2\/tags?post=95355"}],"curies":[{"name":"wp","href":"https:\/\/api.w.org\/{rel}","templated":true}]}}