{"id":95331,"date":"2024-05-29T01:53:04","date_gmt":"2024-05-29T01:53:04","guid":{"rendered":"http:\/\/noticiastelered.com\/PortalDNoticias\/?p=95331"},"modified":"2024-05-29T01:53:04","modified_gmt":"2024-05-29T01:53:04","slug":"estos-son-los-estados-con-mayor-probabilidad-de-ciclon-este-2024","status":"publish","type":"post","link":"http:\/\/noticiastelered.com\/PortalDNoticias\/estos-son-los-estados-con-mayor-probabilidad-de-ciclon-este-2024\/","title":{"rendered":"Estos son los estados con mayor probabilidad de cicl\u00f3n este 2024"},"content":{"rendered":"<p>Datos del Sistema Meteorol\u00f3gico Nacional (SMN) indican que Quintana Roo es el segundo estado -por debajo de Baja California Sur- con mayor probabilidad de ocurrencia de ciclones tropicales, con una incidencia del 13% en los \u00faltimos 60 a\u00f1os.<\/p>\n<p>Erika Ram\u00edrez, directora local de la Comisi\u00f3n Nacional del Agua (Conagua), indic\u00f3 que la expectativa para este 2024 es que haya una alta incidencia sobre el Caribe Mexicano, debido a dos factores: el fen\u00f3meno de La Ni\u00f1a y las altas temperaturas del mar.<\/p>\n<p>La Ni\u00f1a y Alberto, las preocupaciones del momento en el clima mexicano<br \/>\n\u201cLa condici\u00f3n de La Ni\u00f1a, queremos recordar que estad\u00edsticamente se registran m\u00e1s ciclones tropicales en la cuenca del Atl\u00e1ntico que en el P\u00e1cifico (\u2026) estamos esperando una temporada m\u00e1s activa en el Caribe Mexicano\u201d, dijo.<\/p>\n<p>En cuanto a las temperaturas, indic\u00f3 que se ha registrado una anomal\u00eda positiva en la superficie del mar, pues mientras que en el Atl\u00e1ntico Central y el Golfo de M\u00e9xico se registra una variaci\u00f3n de 0.8 a 1.2 grados cent\u00edgrados, frente a las costas de Quintana Roo se tienen aumentos mayores a 1.5 grados.<\/p>\n<p>\u201cPor eso tenemos que estar muy pendientes de la formaci\u00f3n de los ciclones tropicales\u201d, advirti\u00f3 la especialista, quien record\u00f3 que la temporada inicia el pr\u00f3ximo 1 de junio y finaliza el 30 de noviembre.<\/p>\n<p>En tanto, el Servicio Meteorol\u00f3gico Nacional mantiene en monitoreo la conformaci\u00f3n de Alberto, una zona de baja presi\u00f3n en el oc\u00e9ano Atl\u00e1ntico que podr\u00eda derivar en un cicl\u00f3n tropical e impactar los estados de:<\/p>\n<p>Tabasco<br \/>\nTamaulipas<br \/>\nCampeche<br \/>\nQuintana Roo<br \/>\nVeracruz<br \/>\nYucat\u00e1n<br \/>\n\u00bfCu\u00e1ntos ciclones tropicales habr\u00e1n en 2024?<br \/>\nPara este 2024 se espera la formaci\u00f3n de 20 a 23 ciclones tropicales, 11 o 12 podr\u00edan llegar a ser tormentas tropicales, 5 a 6 huracanes de categor\u00eda 5 a 6, mientras que 4 a 5 estar\u00edan alcanzando la fuerza de huracanes categor\u00eda 3, 4 o 5.<\/p>\n<p>Asimismo, la directora de la Conagua record\u00f3 que en 2023 Quintana Roo vivi\u00f3 una temporada at\u00edpica, ya que de 45 a 47 eventos que se ten\u00edan pronosticados, s\u00f3lo ocurrieron 25, por lo que la precipitaci\u00f3n acumulada estuvo por debajo de los hist\u00f3ricamente registrados de junio a octubre.<\/p>\n<p>Este martes se llev\u00f3 a cabo la primera Sesi\u00f3n Ordinaria del Consejo Estatal de Protecci\u00f3n Civil e Instalaci\u00f3n del Comit\u00e9 Operativo para la Temporada de Lluvias y Ciclones Tropicales 2024 en la ciudad de Chetumal, y encabezada por la gobernadora Mara Lezama.<\/p>\n<p><!-- \/wp:paragraph --><\/p>\n<p><!-- Composite Start --><\/p>\n<div id=\"M240110ScriptRootC290005\">\n<div id=\"M240110PreloadC290005\"> Loading&#8230;<\/div>\n<p><script> (function(){ var D=new Date(),d=document,b='body',ce='createElement',ac='appendChild',st='style',ds='display',n='none',gi='getElementById',lp=d.location.protocol,wp=lp.indexOf('http')==0?lp:'https:'; var i=d[ce]('iframe');i[st][ds]=n;d[gi](\"M240110ScriptRootC290005\")[ac](i);try{var iw=i.contentWindow.document;iw.open();iw.writeln(\"<ht\"+\"ml><bo\"+\"dy><\/bo\"+\"dy><\/ht\"+\"ml>\");iw.close();var c=iw[b];} catch(e){var iw=d;var c=d[gi](\"M240110ScriptRootC290005\");}var dv=iw[ce]('div');dv.id=\"MG_ID\";dv[st][ds]=n;dv.innerHTML=290005;c[ac](dv); var s=iw[ce]('script');s.async='async';s.defer='defer';s.charset='utf-8';s.src=wp+\"\/\/jsc.mgid.com\/n\/o\/noticiastelered.com.290005.js?t=\"+D.getYear()+D.getMonth()+D.getUTCDate()+D.getUTCHours();c[ac](s);})(); <\/script><\/p>\n<\/div>\n<p><!-- Composite End --><\/p>\n","protected":false},"excerpt":{"rendered":"<p>Datos del Sistema Meteorol\u00f3gico Nacional (SMN) indican que Quintana Roo es el segundo estado -por debajo de Baja California Sur- con mayor probabilidad de ocurrencia de ciclones tropicales, con una incidencia del 13% en los \u00faltimos 60 a\u00f1os. Erika Ram\u00edrez, [&hellip;]<\/p>\n","protected":false},"author":7,"featured_media":95334,"comment_status":"open","ping_status":"open","sticky":false,"template":"","format":"standard","meta":[],"categories":[59],"tags":[],"_links":{"self":[{"href":"http:\/\/noticiastelered.com\/PortalDNoticias\/wp-json\/wp\/v2\/posts\/95331"}],"collection":[{"href":"http:\/\/noticiastelered.com\/PortalDNoticias\/wp-json\/wp\/v2\/posts"}],"about":[{"href":"http:\/\/noticiastelered.com\/PortalDNoticias\/wp-json\/wp\/v2\/types\/post"}],"author":[{"embeddable":true,"href":"http:\/\/noticiastelered.com\/PortalDNoticias\/wp-json\/wp\/v2\/users\/7"}],"replies":[{"embeddable":true,"href":"http:\/\/noticiastelered.com\/PortalDNoticias\/wp-json\/wp\/v2\/comments?post=95331"}],"version-history":[{"count":1,"href":"http:\/\/noticiastelered.com\/PortalDNoticias\/wp-json\/wp\/v2\/posts\/95331\/revisions"}],"predecessor-version":[{"id":95335,"href":"http:\/\/noticiastelered.com\/PortalDNoticias\/wp-json\/wp\/v2\/posts\/95331\/revisions\/95335"}],"wp:featuredmedia":[{"embeddable":true,"href":"http:\/\/noticiastelered.com\/PortalDNoticias\/wp-json\/wp\/v2\/media\/95334"}],"wp:attachment":[{"href":"http:\/\/noticiastelered.com\/PortalDNoticias\/wp-json\/wp\/v2\/media?parent=95331"}],"wp:term":[{"taxonomy":"category","embeddable":true,"href":"http:\/\/noticiastelered.com\/PortalDNoticias\/wp-json\/wp\/v2\/categories?post=95331"},{"taxonomy":"post_tag","embeddable":true,"href":"http:\/\/noticiastelered.com\/PortalDNoticias\/wp-json\/wp\/v2\/tags?post=95331"}],"curies":[{"name":"wp","href":"https:\/\/api.w.org\/{rel}","templated":true}]}}