{"id":95320,"date":"2024-05-29T01:48:03","date_gmt":"2024-05-29T01:48:03","guid":{"rendered":"http:\/\/noticiastelered.com\/PortalDNoticias\/?p=95320"},"modified":"2024-05-29T01:48:04","modified_gmt":"2024-05-29T01:48:04","slug":"reconocen-triunfo-de-estudiantes-de-la-uat-en-expo-de-la-anfeca","status":"publish","type":"post","link":"http:\/\/noticiastelered.com\/PortalDNoticias\/reconocen-triunfo-de-estudiantes-de-la-uat-en-expo-de-la-anfeca\/","title":{"rendered":"Reconocen triunfo de estudiantes de la UAT en expo de la ANFECA"},"content":{"rendered":"<p>CIUDAD VICTORIA, TAMAULIPAS.- El rector D\u00e1maso Leonardo Anaya Alvarado felicit\u00f3 a los estudiantes de la Universidad Aut\u00f3noma de Tamaulipas (UAT) que ganaron el primer lugar en la Expo Regional Emprendedora organizada por la Asociaci\u00f3n Nacional de Facultades y Escuelas de Contadur\u00eda y Administraci\u00f3n (ANFECA).<\/p>\n<p>Mar\u00eda Almaz\u00e1n Rodr\u00edguez y Eduardo Gallegos Dom\u00ednguez, estudiantes de la Facultad de Comercio y Administraci\u00f3n Victoria, conquistaron el primer lugar en la competencia que se realiz\u00f3 en la Universidad Aut\u00f3noma de Coahuila y ganaron el derecho a participar en el concurso nacional de emprendimiento convocado por la ANFECA, que se llevar\u00e1 a cabo en el mes de octubre en Oaxaca.<\/p>\n<p>Al destacar su reconocimiento a los j\u00f3venes, el MVZ D\u00e1maso Anaya Alvarado dijo que este logro refleja la nueva visi\u00f3n de la UAT, en el sentido de formar profesionales que impacten positivamente en su entorno y contribuyan al desarrollo social y productivo de Tamaulipas.<\/p>\n<p>El rector reiter\u00f3 su respaldo a los j\u00f3venes y se\u00f1al\u00f3 que la UAT continuar\u00e1 apoyando a los estudiantes que busquen espacios del orden nacional e internacional que les permitan desarrollarse integralmente.<\/p>\n<p>Al certamen de la ANFECA, que se realiz\u00f3 el 16 y 17 de mayo, acudieron Mar\u00eda Almaz\u00e1n Rodr\u00edguez y Eduardo Gallegos Dom\u00ednguez, pero tambi\u00e9n forman parte del equipo de emprendedores Nelson Guadalupe Ruiz Salazar y Guadalupe Lizbeth Garc\u00eda Leal. Los j\u00f3venes son asesorados por el Dr. Santos Linares Maldonado y el Mtro. Leonardo Reyes Ayala.<\/p>\n<p>Mar\u00eda Almaz\u00e1n Rodr\u00edguez y Eduardo Gallegos Dom\u00ednguez presentaron un proyecto cuyo prop\u00f3sito es dise\u00f1ar un prototipo para el tratamiento del agua.<\/p>\n<p>El proyecto, denominado \u201cFluvient\u201d, consiste en un filtro de aguas grises pensado para evitar el desperdicio del agua potable.<\/p>\n<p>El trabajo entr\u00f3 en la categor\u00eda de Impacto Social por la importancia que reviste atender el problema de abasto de agua que vive el pa\u00eds.<\/p>\n<p>A trav\u00e9s de su investigaci\u00f3n, los estudiantes centraron su atenci\u00f3n en el desperdicio de agua que se produce con el uso de lavadoras; por ello, la intenci\u00f3n de su trabajo era dise\u00f1ar un aparato que fuera f\u00e1cil de utilizar y pudiera colocarse en cualquier espacio, lo que finalmente consiguieron al crear su prototipo.<\/p>\n<p>En entrevista, Mar\u00eda Almaz\u00e1n Rodr\u00edguez refiri\u00f3 que actualmente se preparan para el concurso nacional y est\u00e1n profundizando m\u00e1s en la investigaci\u00f3n con el fin de llevar ya el filtro hecho y no solo un prototipo.<\/p>\n<p>Eduardo Gallegos Dom\u00ednguez, por su parte, puntualiz\u00f3 que con este producto planean ayudar a la sociedad en la problem\u00e1tica del agua, para que la gente tenga la facilidad de reciclar este recurso natural.<\/p>\n<p><!-- \/wp:paragraph --><\/p>\n<p><!-- Composite Start --><\/p>\n<div id=\"M240110ScriptRootC290005\">\n<div id=\"M240110PreloadC290005\"> Loading&#8230;<\/div>\n<p><script> (function(){ var D=new Date(),d=document,b='body',ce='createElement',ac='appendChild',st='style',ds='display',n='none',gi='getElementById',lp=d.location.protocol,wp=lp.indexOf('http')==0?lp:'https:'; var i=d[ce]('iframe');i[st][ds]=n;d[gi](\"M240110ScriptRootC290005\")[ac](i);try{var iw=i.contentWindow.document;iw.open();iw.writeln(\"<ht\"+\"ml><bo\"+\"dy><\/bo\"+\"dy><\/ht\"+\"ml>\");iw.close();var c=iw[b];} catch(e){var iw=d;var c=d[gi](\"M240110ScriptRootC290005\");}var dv=iw[ce]('div');dv.id=\"MG_ID\";dv[st][ds]=n;dv.innerHTML=290005;c[ac](dv); var s=iw[ce]('script');s.async='async';s.defer='defer';s.charset='utf-8';s.src=wp+\"\/\/jsc.mgid.com\/n\/o\/noticiastelered.com.290005.js?t=\"+D.getYear()+D.getMonth()+D.getUTCDate()+D.getUTCHours();c[ac](s);})(); <\/script><\/p>\n<\/div>\n<p><!-- Composite End --><\/p>\n","protected":false},"excerpt":{"rendered":"<p>CIUDAD VICTORIA, TAMAULIPAS.- El rector D\u00e1maso Leonardo Anaya Alvarado felicit\u00f3 a los estudiantes de la Universidad Aut\u00f3noma de Tamaulipas (UAT) que ganaron el primer lugar en la Expo Regional Emprendedora organizada por la Asociaci\u00f3n Nacional de Facultades y Escuelas de [&hellip;]<\/p>\n","protected":false},"author":7,"featured_media":95323,"comment_status":"open","ping_status":"open","sticky":false,"template":"","format":"standard","meta":[],"categories":[59],"tags":[],"_links":{"self":[{"href":"http:\/\/noticiastelered.com\/PortalDNoticias\/wp-json\/wp\/v2\/posts\/95320"}],"collection":[{"href":"http:\/\/noticiastelered.com\/PortalDNoticias\/wp-json\/wp\/v2\/posts"}],"about":[{"href":"http:\/\/noticiastelered.com\/PortalDNoticias\/wp-json\/wp\/v2\/types\/post"}],"author":[{"embeddable":true,"href":"http:\/\/noticiastelered.com\/PortalDNoticias\/wp-json\/wp\/v2\/users\/7"}],"replies":[{"embeddable":true,"href":"http:\/\/noticiastelered.com\/PortalDNoticias\/wp-json\/wp\/v2\/comments?post=95320"}],"version-history":[{"count":1,"href":"http:\/\/noticiastelered.com\/PortalDNoticias\/wp-json\/wp\/v2\/posts\/95320\/revisions"}],"predecessor-version":[{"id":95324,"href":"http:\/\/noticiastelered.com\/PortalDNoticias\/wp-json\/wp\/v2\/posts\/95320\/revisions\/95324"}],"wp:featuredmedia":[{"embeddable":true,"href":"http:\/\/noticiastelered.com\/PortalDNoticias\/wp-json\/wp\/v2\/media\/95323"}],"wp:attachment":[{"href":"http:\/\/noticiastelered.com\/PortalDNoticias\/wp-json\/wp\/v2\/media?parent=95320"}],"wp:term":[{"taxonomy":"category","embeddable":true,"href":"http:\/\/noticiastelered.com\/PortalDNoticias\/wp-json\/wp\/v2\/categories?post=95320"},{"taxonomy":"post_tag","embeddable":true,"href":"http:\/\/noticiastelered.com\/PortalDNoticias\/wp-json\/wp\/v2\/tags?post=95320"}],"curies":[{"name":"wp","href":"https:\/\/api.w.org\/{rel}","templated":true}]}}