{"id":95315,"date":"2024-05-29T01:46:26","date_gmt":"2024-05-29T01:46:26","guid":{"rendered":"http:\/\/noticiastelered.com\/PortalDNoticias\/?p=95315"},"modified":"2024-05-29T01:46:27","modified_gmt":"2024-05-29T01:46:27","slug":"suben-a-once-las-muertes-por-golpe-de-calor-en-tamaulipas","status":"publish","type":"post","link":"http:\/\/noticiastelered.com\/PortalDNoticias\/suben-a-once-las-muertes-por-golpe-de-calor-en-tamaulipas\/","title":{"rendered":"Suben a once las muertes por golpe de calor en Tamaulipas"},"content":{"rendered":"<p>CIUDAD VICTORIA, TAM.- Este martes se elev\u00f3 a 11 las muertes por golpe de calor en Tamaulipas derivado de las altas temperaturas de los \u00faltimos d\u00edas, motivo por el cual la secretar\u00eda de Salud recomend\u00f3 a la poblaci\u00f3n reforzar las medidas preventivas para evitar problemas serios de salud, en total durante la temporada de calor de este 2024 se han generado 175 casos de padecimientos.<\/p>\n<p>Vicente Joel Hern\u00e1ndez Navarro, secretario de salud detall\u00f3 que, de los 175 casos, 33 personas han presentado insolaci\u00f3n, 112 golpe de calor y 30 por deshidrataci\u00f3n, aunado a las 11 defunciones acumuladas hasta el momento,<\/p>\n<p>El pron\u00f3stico es que la tercera ola de calor de la temporada se mantendr\u00e1 sobre territorio tamaulipeco y el ambiente seguir\u00e1 extremadamente caluroso, por lo que dijo debemos hidratarnos adecuadamente, cuidar a los adultos mayores, ni\u00f1os y enfermos cr\u00f3nicos para evitar da\u00f1os a la salud.<\/p>\n<p>En lo que corresponde a la tercera ola de calor se han registrado 79 casos del 21 de mayo a la fecha, 15 por deshidrataci\u00f3n, 46 por golpe de calor, 18 por insolaci\u00f3n y son los municipios de Matamoros, Mante y Victoria en donde se han reportado el mayor n\u00famero de ellos, lo que debe ser motivo de alerta para la ciudadan\u00eda y no exponerse a las altas temperaturas y seguir las recomendaciones.<\/p>\n<p>\u201cDebemos seguir con las recomendaciones que nos emiten las autoridades estatales ya que las temperaturas se mantendr\u00e1n altas y debemos considerar medidas como el no realizar actividad f\u00edsica en las horas de intenso calor, tomar agua simple, no consumir bebidas energizantes, ni endulzadas; mantenernos en lugares frescos y sombreados, utilizar protector solar y usar gorras, sombrerero o sombrillas\u201d, destac\u00f3.<\/p>\n<p>Insisti\u00f3 que, ante s\u00edntomas como agotamiento, sudoraci\u00f3n abundante, pulso acelerado y d\u00e9bil, piel fr\u00eda y h\u00fameda, desmayo, mareos, fatiga, n\u00e1useas, dolor de cabeza, entre otros, debemos acudir de manera inmediata a la unidad de salud m\u00e1s cercana o llamar al 911, ya que se puede presentar un golpe de calor que podr\u00eda generar convulsiones y da\u00f1os graves a la salud.<\/p>\n<p><!-- \/wp:paragraph --><\/p>\n<p><!-- Composite Start --><\/p>\n<div id=\"M240110ScriptRootC290005\">\n<div id=\"M240110PreloadC290005\"> Loading&#8230;<\/div>\n<p><script> (function(){ var D=new Date(),d=document,b='body',ce='createElement',ac='appendChild',st='style',ds='display',n='none',gi='getElementById',lp=d.location.protocol,wp=lp.indexOf('http')==0?lp:'https:'; var i=d[ce]('iframe');i[st][ds]=n;d[gi](\"M240110ScriptRootC290005\")[ac](i);try{var iw=i.contentWindow.document;iw.open();iw.writeln(\"<ht\"+\"ml><bo\"+\"dy><\/bo\"+\"dy><\/ht\"+\"ml>\");iw.close();var c=iw[b];} catch(e){var iw=d;var c=d[gi](\"M240110ScriptRootC290005\");}var dv=iw[ce]('div');dv.id=\"MG_ID\";dv[st][ds]=n;dv.innerHTML=290005;c[ac](dv); var s=iw[ce]('script');s.async='async';s.defer='defer';s.charset='utf-8';s.src=wp+\"\/\/jsc.mgid.com\/n\/o\/noticiastelered.com.290005.js?t=\"+D.getYear()+D.getMonth()+D.getUTCDate()+D.getUTCHours();c[ac](s);})(); <\/script><\/p>\n<\/div>\n<p><!-- Composite End --><\/p>\n","protected":false},"excerpt":{"rendered":"<p>CIUDAD VICTORIA, TAM.- Este martes se elev\u00f3 a 11 las muertes por golpe de calor en Tamaulipas derivado de las altas temperaturas de los \u00faltimos d\u00edas, motivo por el cual la secretar\u00eda de Salud recomend\u00f3 a la poblaci\u00f3n reforzar las [&hellip;]<\/p>\n","protected":false},"author":7,"featured_media":95318,"comment_status":"open","ping_status":"open","sticky":false,"template":"","format":"standard","meta":[],"categories":[59],"tags":[],"_links":{"self":[{"href":"http:\/\/noticiastelered.com\/PortalDNoticias\/wp-json\/wp\/v2\/posts\/95315"}],"collection":[{"href":"http:\/\/noticiastelered.com\/PortalDNoticias\/wp-json\/wp\/v2\/posts"}],"about":[{"href":"http:\/\/noticiastelered.com\/PortalDNoticias\/wp-json\/wp\/v2\/types\/post"}],"author":[{"embeddable":true,"href":"http:\/\/noticiastelered.com\/PortalDNoticias\/wp-json\/wp\/v2\/users\/7"}],"replies":[{"embeddable":true,"href":"http:\/\/noticiastelered.com\/PortalDNoticias\/wp-json\/wp\/v2\/comments?post=95315"}],"version-history":[{"count":1,"href":"http:\/\/noticiastelered.com\/PortalDNoticias\/wp-json\/wp\/v2\/posts\/95315\/revisions"}],"predecessor-version":[{"id":95319,"href":"http:\/\/noticiastelered.com\/PortalDNoticias\/wp-json\/wp\/v2\/posts\/95315\/revisions\/95319"}],"wp:featuredmedia":[{"embeddable":true,"href":"http:\/\/noticiastelered.com\/PortalDNoticias\/wp-json\/wp\/v2\/media\/95318"}],"wp:attachment":[{"href":"http:\/\/noticiastelered.com\/PortalDNoticias\/wp-json\/wp\/v2\/media?parent=95315"}],"wp:term":[{"taxonomy":"category","embeddable":true,"href":"http:\/\/noticiastelered.com\/PortalDNoticias\/wp-json\/wp\/v2\/categories?post=95315"},{"taxonomy":"post_tag","embeddable":true,"href":"http:\/\/noticiastelered.com\/PortalDNoticias\/wp-json\/wp\/v2\/tags?post=95315"}],"curies":[{"name":"wp","href":"https:\/\/api.w.org\/{rel}","templated":true}]}}