{"id":95313,"date":"2024-05-28T19:53:43","date_gmt":"2024-05-28T19:53:43","guid":{"rendered":"http:\/\/noticiastelered.com\/PortalDNoticias\/?p=95313"},"modified":"2024-05-28T19:53:54","modified_gmt":"2024-05-28T19:53:54","slug":"familiares-recuerdan-a-edgar-alberto-y-juan-carlos-los-ultimos-dos-jovenes-desaparecidos-por-marinos-en-2018","status":"publish","type":"post","link":"http:\/\/noticiastelered.com\/PortalDNoticias\/familiares-recuerdan-a-edgar-alberto-y-juan-carlos-los-ultimos-dos-jovenes-desaparecidos-por-marinos-en-2018\/","title":{"rendered":"FAMILIARES RECUERDAN A EDGAR ALBERTO Y JUAN CARLOS; LOS ULTIMOS DOS J\u00d3VENES DESAPARECIDOS POR MARINOS EN 2018"},"content":{"rendered":"\n<figure class=\"wp-block-image size-large\"><img decoding=\"async\" loading=\"lazy\" width=\"1024\" height=\"768\" src=\"http:\/\/noticiastelered.com\/PortalDNoticias\/wp-content\/uploads\/2024\/05\/ab8742a6-c9b0-4ab0-9a18-7b2f46556bd6-1-1024x768.jpg\" class=\"wp-image-95312\"\/><\/figure>\n\n\n\n<p>\u2022 Se re\u00fanen en el Memorial para V\u00edctimas de Nuevo Laredo en demanda de Justicia<\/p>\n\n\n\n<p>Nuevo Laredo, Tamaulipas, a 28 de Mayo del 2024.- Este fin de semana familiares de v\u00edctimas de desapariciones forzadas y ejecuciones extrajudiciales cometidas por elementos de Operaciones Especiales de la Secretar\u00eda de Marina se reunieron para recordar a Edgar Alberto Trevi\u00f1o Ochoa y Juan Carlos P\u00e9rez Navarro, los \u00faltimos dos j\u00f3venes arrestados en 2018 como parte del \u201cOperativo laguna\u201d y cuyo paradero se desconoce hasta el momento.<\/p>\n\n\n\n<p>Al mediod\u00eda del s\u00e1bado pasado y frente al Memorial para V\u00edctimas ubicado en la plaza Primero de Mayo en Nuevo Laredo, Tamaulipas, familiares de Edgar Alberto y Juan Carlos exigieron a las autoridades de la Fiscal\u00eda General de la Rep\u00fablica (FGR) que busquen a los j\u00f3venes que fueron privados de su libertad arbitrariamente el d\u00eda 21 de Mayo del 2018 en el Kil\u00f3metro 10 de la Carretera Nacional y en el fraccionamiento Villas de San Miguel, respectivamente.<\/p>\n\n\n\n<p>Al momento de ser detenido y desaparecido, Edgar Alberto Trevi\u00f1o Ochoa ten\u00eda 29 a\u00f1os de edad, mientras que Juan Carlos ten\u00eda 25. Sus mam\u00e1s, Gregoria Ochoa y Mar\u00eda del Rosario Navarro, compartieron con otros familiares el sufrimiento y la desesperaci\u00f3n que enfrentan desde hace seis a\u00f1os por no saber el paradero de sus hijos. El Comit\u00e9 contra las Desapariciones Forzadas de la ONU mantiene vigentes las Acciones Urgentes 478\/2018 al 496\/2018 solicitando al Estado Mexicano la b\u00fasqueda efectiva de Edgar Alberto, Juan Carlos y otras 21 v\u00edctimas de la Marina, con resultados negativos.<\/p>\n\n\n\n<p>Las denuncias en la FGR por la Desaparici\u00f3n Forzada de Edgar Alberto Trevi\u00f1o Ochoa y Juan Carlos P\u00e9rez Navarro son FED\/SDHPDSC\/FEIDDF-TAM\/0000266\/2018 y FED\/SDHPDSC\/FEIDDF-TAM\/0000277\/2018, respectivamente.<\/p>\n","protected":false},"excerpt":{"rendered":"<p>\u2022 Se re\u00fanen en el Memorial para V\u00edctimas de Nuevo Laredo en demanda de Justicia Nuevo Laredo, Tamaulipas, a 28 de Mayo del 2024.- Este fin de semana familiares de v\u00edctimas de desapariciones forzadas y ejecuciones extrajudiciales cometidas por elementos [&hellip;]<\/p>\n","protected":false},"author":7,"featured_media":0,"comment_status":"open","ping_status":"open","sticky":false,"template":"","format":"standard","meta":[],"categories":[63],"tags":[],"_links":{"self":[{"href":"http:\/\/noticiastelered.com\/PortalDNoticias\/wp-json\/wp\/v2\/posts\/95313"}],"collection":[{"href":"http:\/\/noticiastelered.com\/PortalDNoticias\/wp-json\/wp\/v2\/posts"}],"about":[{"href":"http:\/\/noticiastelered.com\/PortalDNoticias\/wp-json\/wp\/v2\/types\/post"}],"author":[{"embeddable":true,"href":"http:\/\/noticiastelered.com\/PortalDNoticias\/wp-json\/wp\/v2\/users\/7"}],"replies":[{"embeddable":true,"href":"http:\/\/noticiastelered.com\/PortalDNoticias\/wp-json\/wp\/v2\/comments?post=95313"}],"version-history":[{"count":1,"href":"http:\/\/noticiastelered.com\/PortalDNoticias\/wp-json\/wp\/v2\/posts\/95313\/revisions"}],"predecessor-version":[{"id":95314,"href":"http:\/\/noticiastelered.com\/PortalDNoticias\/wp-json\/wp\/v2\/posts\/95313\/revisions\/95314"}],"wp:attachment":[{"href":"http:\/\/noticiastelered.com\/PortalDNoticias\/wp-json\/wp\/v2\/media?parent=95313"}],"wp:term":[{"taxonomy":"category","embeddable":true,"href":"http:\/\/noticiastelered.com\/PortalDNoticias\/wp-json\/wp\/v2\/categories?post=95313"},{"taxonomy":"post_tag","embeddable":true,"href":"http:\/\/noticiastelered.com\/PortalDNoticias\/wp-json\/wp\/v2\/tags?post=95313"}],"curies":[{"name":"wp","href":"https:\/\/api.w.org\/{rel}","templated":true}]}}