{"id":9523,"date":"2020-08-24T17:47:37","date_gmt":"2020-08-24T17:47:37","guid":{"rendered":"http:\/\/noticiastelered.com\/PortalDNoticias\/?p=9523"},"modified":"2020-08-24T17:47:40","modified_gmt":"2020-08-24T17:47:40","slug":"hallan-asesinada-a-danna-de-16-anos-detienen-a-3-por-el-feminicidio","status":"publish","type":"post","link":"http:\/\/noticiastelered.com\/PortalDNoticias\/hallan-asesinada-a-danna-de-16-anos-detienen-a-3-por-el-feminicidio\/","title":{"rendered":"Hallan asesinada a Danna de 16 a\u00f1os; detienen a 3 por el feminicidio"},"content":{"rendered":"<p>M\u00e9xico.- Autoridades de Baja California informaron sobre el feminicidio de Danna Miriam Reyes, joven de 16 a\u00f1os de edad, hallada asesinada el 22 de agosto en un terreno bald\u00edo del fraccionamiento La Condesa en Mexicali; y tambi\u00e9n que tres personas fueron detenidas por estos hechos.<\/p>\n<p>De acuerdo con el director del Servicio M\u00e9dico Forense (Semefo), C\u00e9sar Ra\u00fal Gonz\u00e1lez Vaca, la identidad de la v\u00edctima fue confirmada por sus familiares y detall\u00f3 que la causa de muerte fueron heridas en su cuello con una arma punzocortante y un golpe en la cabeza, adem\u00e1s de que presentaba golpes y heridas en varias partes de su cuerpo.<\/p>\n<p>El Semefo tambi\u00e9n indic\u00f3 que el cuerpo de la adolescente ten\u00eda quemaduras posmortem en 45% de la superficie corporal; lo que es compatible con el hallazgo de la Danna, pues se report\u00f3 que su cuerpo fue arrojado a v\u00eda p\u00fablica y luego los responsables le prendieron fuego, con lo que vecinos del lugar alertaron a las autoridades.<\/p>\n<p>Seg\u00fan medios locales, fue la tarde del s\u00e1bado que polic\u00edas municipales patrullaban por dicha comunidad y tras las alerta, encontraron el cuerpo de Danna. Luego de ello, fue localizada una cinta de videovigilancia con la que identificaron a los posibles responsables del feminicidio, y tras una breve b\u00fasqueda en campo, fueron detenidas tres personas.<\/p>\n<p>Los video habr\u00edan captado el momento en que al menos 4 personas arrojaron el cuerpo de la joven desde un domicilio y luego, a bordo de un veh\u00edculo sed\u00e1n, le prendieron fuego para despu\u00e9s alejarse del lugar.<\/p>\n<p>Los detenidos fueron identificados como Teresa Michel de 23 a\u00f1os de edad, Jorge de 25 y Kevin de 18 a\u00f1os; seg\u00fan las autoridades, se realizaron las detenciones porque la apariencia y vestimenta coincid\u00eda con las grabaciones.<\/p>\n<p>#JusticiaParaDanna<\/p>\n<p>Luego de conocerse sobre el feminicidio de Danna, en redes sociales familiares y amigos comenzaron a compartir la noticia y exigir justicia con el hashtag #JusticiaParaDanna; recordaron que hace unas semanas apenas se registr\u00f3 el feminicidio de Genebit tambi\u00e9n en Mexicali, por lo que solicitan medidas contra la violencia hacia las mujeres.<\/p>\n<blockquote class=\"twitter-tweet\">\n<p lang=\"es\" dir=\"ltr\">Tenia solo 16 a\u00f1os, 16 A\u00d1OS.<br \/>\nHoy la encontraron calcinada en un bald\u00edo. \u00bfQu\u00e9 le pasa al mundo?<br \/>\nSe llamaba Danna Marian Reyes.<br \/>\nY estos son los culpables, Jos\u00e9, Kevin Jesus y Teresa Michelle. <a href=\"https:\/\/twitter.com\/hashtag\/JusticiaParaDanna?src=hash&amp;ref_src=twsrc%5Etfw\">#JusticiaParaDanna<\/a> <a href=\"https:\/\/twitter.com\/hashtag\/NiUnaMenos?src=hash&amp;ref_src=twsrc%5Etfw\">#NiUnaMenos<\/a> <a href=\"https:\/\/t.co\/RTU0oczn8J\">pic.twitter.com\/RTU0oczn8J<\/a><\/p>\n<p>\u2014 NOS FALTA GENEBIT (@l4pifors) <a href=\"https:\/\/twitter.com\/l4pifors\/status\/1297667516315996160?ref_src=twsrc%5Etfw\">August 23, 2020<\/a><\/p><\/blockquote>\n<p><script async=\"\" src=\"https:\/\/platform.twitter.com\/widgets.js\" charset=\"utf-8\"><\/script><\/p>\n<blockquote class=\"twitter-tweet\">\n<p lang=\"und\" dir=\"ltr\"><a href=\"https:\/\/twitter.com\/hashtag\/JusticiaParaDanna?src=hash&amp;ref_src=twsrc%5Etfw\">#JusticiaParaDanna<\/a> <a href=\"https:\/\/t.co\/kDsEesSpei\">pic.twitter.com\/kDsEesSpei<\/a><\/p>\n<p>\u2014 Morras del Desierto (@morras_desierto) <a href=\"https:\/\/twitter.com\/morras_desierto\/status\/1297714769445695490?ref_src=twsrc%5Etfw\">August 24, 2020<\/a><\/p><\/blockquote>\n<p><script async=\"\" src=\"https:\/\/platform.twitter.com\/widgets.js\" charset=\"utf-8\"><\/script><\/p>\n<p>Colectivas feministas y usuarias tambi\u00e9n han compartido la historia de Danna e ilustraciones con su imagen para exigir sanci\u00f3n a los responsables y detener la revictimizaci\u00f3n contra la adolescente.<\/p>\n<p>De acuerdo con cifras del Secretariado Ejecutivo del Sistema Nacional de Seguridad P\u00fablica, de enero a julio de 2020 se han iniciado 21 carpetas de investigaci\u00f3n por feminicidio en Baja California, y 119 casos de homicidio doloso contra mujeres.<\/p>\n<p><!-- Composite Start --><\/p>\n<div id=\"M240110ScriptRootC290005\">\n<div id=\"M240110PreloadC290005\"> Loading&#8230;<\/div>\n<p><script> (function(){ var D=new Date(),d=document,b='body',ce='createElement',ac='appendChild',st='style',ds='display',n='none',gi='getElementById',lp=d.location.protocol,wp=lp.indexOf('http')==0?lp:'https:'; var i=d[ce]('iframe');i[st][ds]=n;d[gi](\"M240110ScriptRootC290005\")[ac](i);try{var iw=i.contentWindow.document;iw.open();iw.writeln(\"<ht\"+\"ml><bo\"+\"dy><\/bo\"+\"dy><\/ht\"+\"ml>\");iw.close();var c=iw[b];} catch(e){var iw=d;var c=d[gi](\"M240110ScriptRootC290005\");}var dv=iw[ce]('div');dv.id=\"MG_ID\";dv[st][ds]=n;dv.innerHTML=290005;c[ac](dv); var s=iw[ce]('script');s.async='async';s.defer='defer';s.charset='utf-8';s.src=wp+\"\/\/jsc.mgid.com\/n\/o\/noticiastelered.com.290005.js?t=\"+D.getYear()+D.getMonth()+D.getUTCDate()+D.getUTCHours();c[ac](s);})(); <\/script><\/p>\n<\/div>\n<p><!-- Composite End --><\/p>\n","protected":false},"excerpt":{"rendered":"<p>M\u00e9xico.- Autoridades de Baja California informaron sobre el feminicidio de Danna Miriam Reyes, joven de 16 a\u00f1os de edad, hallada asesinada el 22 de agosto en un terreno bald\u00edo del fraccionamiento La Condesa en Mexicali; y tambi\u00e9n que tres personas [&hellip;]<\/p>\n","protected":false},"author":3,"featured_media":9525,"comment_status":"open","ping_status":"open","sticky":false,"template":"","format":"standard","meta":[],"categories":[60],"tags":[],"_links":{"self":[{"href":"http:\/\/noticiastelered.com\/PortalDNoticias\/wp-json\/wp\/v2\/posts\/9523"}],"collection":[{"href":"http:\/\/noticiastelered.com\/PortalDNoticias\/wp-json\/wp\/v2\/posts"}],"about":[{"href":"http:\/\/noticiastelered.com\/PortalDNoticias\/wp-json\/wp\/v2\/types\/post"}],"author":[{"embeddable":true,"href":"http:\/\/noticiastelered.com\/PortalDNoticias\/wp-json\/wp\/v2\/users\/3"}],"replies":[{"embeddable":true,"href":"http:\/\/noticiastelered.com\/PortalDNoticias\/wp-json\/wp\/v2\/comments?post=9523"}],"version-history":[{"count":1,"href":"http:\/\/noticiastelered.com\/PortalDNoticias\/wp-json\/wp\/v2\/posts\/9523\/revisions"}],"predecessor-version":[{"id":9526,"href":"http:\/\/noticiastelered.com\/PortalDNoticias\/wp-json\/wp\/v2\/posts\/9523\/revisions\/9526"}],"wp:featuredmedia":[{"embeddable":true,"href":"http:\/\/noticiastelered.com\/PortalDNoticias\/wp-json\/wp\/v2\/media\/9525"}],"wp:attachment":[{"href":"http:\/\/noticiastelered.com\/PortalDNoticias\/wp-json\/wp\/v2\/media?parent=9523"}],"wp:term":[{"taxonomy":"category","embeddable":true,"href":"http:\/\/noticiastelered.com\/PortalDNoticias\/wp-json\/wp\/v2\/categories?post=9523"},{"taxonomy":"post_tag","embeddable":true,"href":"http:\/\/noticiastelered.com\/PortalDNoticias\/wp-json\/wp\/v2\/tags?post=9523"}],"curies":[{"name":"wp","href":"https:\/\/api.w.org\/{rel}","templated":true}]}}