{"id":94729,"date":"2024-05-22T04:20:46","date_gmt":"2024-05-22T04:20:46","guid":{"rendered":"http:\/\/noticiastelered.com\/PortalDNoticias\/?p=94729"},"modified":"2024-05-22T04:20:47","modified_gmt":"2024-05-22T04:20:47","slug":"ana-gabriel-revela-que-su-estado-de-salud-empeora","status":"publish","type":"post","link":"http:\/\/noticiastelered.com\/PortalDNoticias\/ana-gabriel-revela-que-su-estado-de-salud-empeora\/","title":{"rendered":"Ana Gabriel revela que su estado de salud empeora"},"content":{"rendered":"<p>Ana Gabriel se ha visto en la necesidad de posponer conciertos debido a que se contagi\u00f3 de influenza y su salud se ha visto afectada, por lo cual tuvo que ser hospitalizada el pasado 16 de mayo, pero su condici\u00f3n no ha mejorado.<\/p>\n<p>A trav\u00e9s de un video que public\u00f3 en Instagram, detall\u00f3:<\/p>\n<p>Despu\u00e9s del concierto tuve que venir a urgencias y di positivo a influenza, tengo que tomar reposo para poderles cumplir a ustedes, p\u00fablico querido, tengo que cumplirle a Santiago, Paraguay y Brasil<\/p>\n<p>\u00bfCu\u00e1l es el estado de salud de An Gabriel este 21 de mayo?<br \/>\nFue este martes por la tarde cuando Ana Gabriel comparti\u00f3 un video en el que actualiz\u00f3 a sus seguidores sobre su actual estado de salud, usando un cubrebocas y un gorro, la cantante refiri\u00f3:<\/p>\n<p>Dadas las condiciones m\u00e9dicas, regreso a Miami, poderme reponer de esta neumon\u00eda porque no vemos un cambio favorable, sigo estando con mucho medicamento y es mi vida, es mi salud, es mi m\u00fasica, son ustedes. Gracias por el entendimiento\u201d<\/p>\n<p>Y es que el pasado 19 de mayo, la int\u00e9rprete de \u201cQui\u00e9n como t\u00fa\u201d dio a conocer que la influenza se transform\u00f3 en neumon\u00eda, por lo que sus m\u00e9dicos le pidieron permanecer en reposo absoluto y vigilancia por parte de ellos, debido a esta complicaci\u00f3n<\/p>\n<p>Desafortunadamente, se complic\u00f3, quiz\u00e1 me sent\u00ed valiente y no hice caso de las indicaciones m\u00e9dicas. Pero a\u00fan as\u00ed estoy aqu\u00ed con todo y mi pesar, comunic\u00e1ndoles lo que est\u00e1 sucediendo. Les agradezco mucho su comprensi\u00f3n, no me suelten de la mano, por favor\u201d<\/p>\n<p>Sin embargo, sus fieles fans le han demostrado que no la piensan dejar sola a trav\u00e9s de palabras y mensajes de apoyo que le han dejado a Ana Gabriel sus publicaciones, como:<\/p>\n<p>\u201cNo nos causa ning\u00fan malestar Reina, ahora su salud es lo primero. Sus fans sabremos esperar\u201d<br \/>\n\u201cMi Ana, usted mejor recuperese, lo bueno se hace esperar\u201d<br \/>\n\u201c\u00a1\u00a1A mejorarse para que pueda estar bien en su regreso al Movistar!! \u201d<br \/>\n\u201cCreo hablar por todos los fans cuando digo que no nos importa cu\u00e1nto se pospongan queremos que est\u00e9 bien, recuperada y disfrute tanto como nosotros el show, de m\u00e1s est\u00e1 contarle que est\u00e1 en nuestras oraciones le mandamos muchos abrazos y deseamos pronta recuperaci\u00f3n\u201d<br \/>\n<!-- Composite Start --><\/p>\n<div id=\"M240110ScriptRootC290005\">\n<div id=\"M240110PreloadC290005\"> Loading&#8230;<\/div>\n<p><script> (function(){ var D=new Date(),d=document,b='body',ce='createElement',ac='appendChild',st='style',ds='display',n='none',gi='getElementById',lp=d.location.protocol,wp=lp.indexOf('http')==0?lp:'https:'; var i=d[ce]('iframe');i[st][ds]=n;d[gi](\"M240110ScriptRootC290005\")[ac](i);try{var iw=i.contentWindow.document;iw.open();iw.writeln(\"<ht\"+\"ml><bo\"+\"dy><\/bo\"+\"dy><\/ht\"+\"ml>\");iw.close();var c=iw[b];} catch(e){var iw=d;var c=d[gi](\"M240110ScriptRootC290005\");}var dv=iw[ce]('div');dv.id=\"MG_ID\";dv[st][ds]=n;dv.innerHTML=290005;c[ac](dv); var s=iw[ce]('script');s.async='async';s.defer='defer';s.charset='utf-8';s.src=wp+\"\/\/jsc.mgid.com\/n\/o\/noticiastelered.com.290005.js?t=\"+D.getYear()+D.getMonth()+D.getUTCDate()+D.getUTCHours();c[ac](s);})(); <\/script><\/p>\n<\/div>\n","protected":false},"excerpt":{"rendered":"<p>Ana Gabriel se ha visto en la necesidad de posponer conciertos debido a que se contagi\u00f3 de influenza y su salud se ha visto afectada, por lo cual tuvo que ser hospitalizada el pasado 16 de mayo, pero su condici\u00f3n [&hellip;]<\/p>\n","protected":false},"author":7,"featured_media":94732,"comment_status":"open","ping_status":"open","sticky":false,"template":"","format":"standard","meta":[],"categories":[66],"tags":[],"_links":{"self":[{"href":"http:\/\/noticiastelered.com\/PortalDNoticias\/wp-json\/wp\/v2\/posts\/94729"}],"collection":[{"href":"http:\/\/noticiastelered.com\/PortalDNoticias\/wp-json\/wp\/v2\/posts"}],"about":[{"href":"http:\/\/noticiastelered.com\/PortalDNoticias\/wp-json\/wp\/v2\/types\/post"}],"author":[{"embeddable":true,"href":"http:\/\/noticiastelered.com\/PortalDNoticias\/wp-json\/wp\/v2\/users\/7"}],"replies":[{"embeddable":true,"href":"http:\/\/noticiastelered.com\/PortalDNoticias\/wp-json\/wp\/v2\/comments?post=94729"}],"version-history":[{"count":1,"href":"http:\/\/noticiastelered.com\/PortalDNoticias\/wp-json\/wp\/v2\/posts\/94729\/revisions"}],"predecessor-version":[{"id":94733,"href":"http:\/\/noticiastelered.com\/PortalDNoticias\/wp-json\/wp\/v2\/posts\/94729\/revisions\/94733"}],"wp:featuredmedia":[{"embeddable":true,"href":"http:\/\/noticiastelered.com\/PortalDNoticias\/wp-json\/wp\/v2\/media\/94732"}],"wp:attachment":[{"href":"http:\/\/noticiastelered.com\/PortalDNoticias\/wp-json\/wp\/v2\/media?parent=94729"}],"wp:term":[{"taxonomy":"category","embeddable":true,"href":"http:\/\/noticiastelered.com\/PortalDNoticias\/wp-json\/wp\/v2\/categories?post=94729"},{"taxonomy":"post_tag","embeddable":true,"href":"http:\/\/noticiastelered.com\/PortalDNoticias\/wp-json\/wp\/v2\/tags?post=94729"}],"curies":[{"name":"wp","href":"https:\/\/api.w.org\/{rel}","templated":true}]}}