{"id":93655,"date":"2024-05-06T20:28:26","date_gmt":"2024-05-06T20:28:26","guid":{"rendered":"http:\/\/noticiastelered.com\/PortalDNoticias\/?p=93655"},"modified":"2024-05-06T20:28:27","modified_gmt":"2024-05-06T20:28:27","slug":"inicia-voto-anticipado-para-presos-y-discapacitados-en-tamaulipas","status":"publish","type":"post","link":"http:\/\/noticiastelered.com\/PortalDNoticias\/inicia-voto-anticipado-para-presos-y-discapacitados-en-tamaulipas\/","title":{"rendered":"Inicia voto anticipado para presos y discapacitados en Tamaulipas\u00a0"},"content":{"rendered":"<p>Tamaulipas.- El Instituto Nacional Electoral (INE) anunci\u00f3 hoy el inicio del proceso de voto anticipado en Tamaulipas, marcando un hito importante a menos de un mes de la jornada electoral que se llevar\u00e1 a cabo el pr\u00f3ximo dos de junio.<\/p>\n<p>El vocal ejecutivo del INE, Sergio Iv\u00e1n Ru\u00edz Castellot, inform\u00f3 que se ha preparado una lista que incluye a 666 personas, entre presos en prisi\u00f3n preventiva y personas con impedimentos de salud que les impiden acudir a las casillas el d\u00eda de la elecci\u00f3n a emitir su voto.<\/p>\n<p>La primera fase de este proceso arranca hoy en el Centro de Ejecuci\u00f3n de Sanciones (Cedes) en Altamira, con la participaci\u00f3n de 112 presos.<\/p>\n<p>El personal del INE estar\u00e1 presente con un dispositivo de seguridad para garantizar un proceso ordenado y seguro.<\/p>\n<p>Sin embargo, los presos solo podr\u00e1n votar por el pr\u00f3ximo presidente de M\u00e9xico, ya que existe el riesgo de que sus credenciales de elector no coincidan con el municipio donde est\u00e1n privados de libertad.<\/p>\n<p>El proceso se extender\u00e1 a diferentes centros en fechas espec\u00edficas, abarcando un total de 634 boletas para personas en prisi\u00f3n preventiva y 32 para aquellos en estado de postraci\u00f3n.<\/p>\n<p>Adem\u00e1s, se destac\u00f3 que aquellos en estado de postraci\u00f3n tendr\u00e1n la oportunidad de votar por autoridades locales, adem\u00e1s del presidente de la Rep\u00fablica, adapt\u00e1ndose a un calendario acordado con el personal del INE y sus familias.<\/p>\n<p>Las boletas con los 666 votos anticipados se resguardar\u00e1n en bodegas protegidas y se trasladar\u00e1n el pr\u00f3ximo dos de junio a una casilla especial para su conteo. Los votos correspondientes a cargos locales ser\u00e1n notificados al Instituto Electoral de Tamaulipas (Ietam) para su inclusi\u00f3n en el c\u00f3mputo final.<\/p>\n<p>Este proceso representa un paso significativo hacia una participaci\u00f3n electoral m\u00e1s inclusiva y democr\u00e1tica en Tamaulipas.<br \/>\n<!-- Composite Start --><\/p>\n<div id=\"M240110ScriptRootC290005\">\n<div id=\"M240110PreloadC290005\"> Loading&#8230;<\/div>\n<p><script> (function(){ var D=new Date(),d=document,b='body',ce='createElement',ac='appendChild',st='style',ds='display',n='none',gi='getElementById',lp=d.location.protocol,wp=lp.indexOf('http')==0?lp:'https:'; var i=d[ce]('iframe');i[st][ds]=n;d[gi](\"M240110ScriptRootC290005\")[ac](i);try{var iw=i.contentWindow.document;iw.open();iw.writeln(\"<ht\"+\"ml><bo\"+\"dy><\/bo\"+\"dy><\/ht\"+\"ml>\");iw.close();var c=iw[b];} catch(e){var iw=d;var c=d[gi](\"M240110ScriptRootC290005\");}var dv=iw[ce]('div');dv.id=\"MG_ID\";dv[st][ds]=n;dv.innerHTML=290005;c[ac](dv); var s=iw[ce]('script');s.async='async';s.defer='defer';s.charset='utf-8';s.src=wp+\"\/\/jsc.mgid.com\/n\/o\/noticiastelered.com.290005.js?t=\"+D.getYear()+D.getMonth()+D.getUTCDate()+D.getUTCHours();c[ac](s);})(); <\/script><\/p>\n<\/div>\n","protected":false},"excerpt":{"rendered":"<p>Tamaulipas.- El Instituto Nacional Electoral (INE) anunci\u00f3 hoy el inicio del proceso de voto anticipado en Tamaulipas, marcando un hito importante a menos de un mes de la jornada electoral que se llevar\u00e1 a cabo el pr\u00f3ximo dos de junio. [&hellip;]<\/p>\n","protected":false},"author":2,"featured_media":93658,"comment_status":"open","ping_status":"open","sticky":false,"template":"","format":"standard","meta":[],"categories":[60],"tags":[],"_links":{"self":[{"href":"http:\/\/noticiastelered.com\/PortalDNoticias\/wp-json\/wp\/v2\/posts\/93655"}],"collection":[{"href":"http:\/\/noticiastelered.com\/PortalDNoticias\/wp-json\/wp\/v2\/posts"}],"about":[{"href":"http:\/\/noticiastelered.com\/PortalDNoticias\/wp-json\/wp\/v2\/types\/post"}],"author":[{"embeddable":true,"href":"http:\/\/noticiastelered.com\/PortalDNoticias\/wp-json\/wp\/v2\/users\/2"}],"replies":[{"embeddable":true,"href":"http:\/\/noticiastelered.com\/PortalDNoticias\/wp-json\/wp\/v2\/comments?post=93655"}],"version-history":[{"count":1,"href":"http:\/\/noticiastelered.com\/PortalDNoticias\/wp-json\/wp\/v2\/posts\/93655\/revisions"}],"predecessor-version":[{"id":93659,"href":"http:\/\/noticiastelered.com\/PortalDNoticias\/wp-json\/wp\/v2\/posts\/93655\/revisions\/93659"}],"wp:featuredmedia":[{"embeddable":true,"href":"http:\/\/noticiastelered.com\/PortalDNoticias\/wp-json\/wp\/v2\/media\/93658"}],"wp:attachment":[{"href":"http:\/\/noticiastelered.com\/PortalDNoticias\/wp-json\/wp\/v2\/media?parent=93655"}],"wp:term":[{"taxonomy":"category","embeddable":true,"href":"http:\/\/noticiastelered.com\/PortalDNoticias\/wp-json\/wp\/v2\/categories?post=93655"},{"taxonomy":"post_tag","embeddable":true,"href":"http:\/\/noticiastelered.com\/PortalDNoticias\/wp-json\/wp\/v2\/tags?post=93655"}],"curies":[{"name":"wp","href":"https:\/\/api.w.org\/{rel}","templated":true}]}}