{"id":93335,"date":"2024-05-01T06:19:52","date_gmt":"2024-05-01T06:19:52","guid":{"rendered":"http:\/\/noticiastelered.com\/PortalDNoticias\/?p=93335"},"modified":"2024-05-01T06:19:53","modified_gmt":"2024-05-01T06:19:53","slug":"contempla-ine-negar-candidatura-a-cabeza-de-vaca","status":"publish","type":"post","link":"http:\/\/noticiastelered.com\/PortalDNoticias\/contempla-ine-negar-candidatura-a-cabeza-de-vaca\/","title":{"rendered":"Contempla INE negar candidatura a Cabeza de Vaca"},"content":{"rendered":"<p>Ciudad Victoria, Tamaulipas.-Porque las resoluciones de la Sala Superior del Tribunal Electoral del Poder Judicial de la Federaci\u00f3n son inatacables, el Instituto Nacional Electoral contempla negarle la candidatura a una diputaci\u00f3n federal \u2018pluri\u2019 al ex gobernador Cabeza de Vaca.<\/p>\n<p>El proyecto del acuerdo a discutir en la sesi\u00f3n del Consejo General del INE ma\u00f1ana martes, prev\u00e9 rechazar la nueva solicitud de Cabeza, luego que le fueran concedidas suspensiones definitivas dentro de juicios de amparo contra \u00f3rdenes de aprehensi\u00f3n en su contra por lavado de dinero y delincuencia organizada.<\/p>\n<p>Fundan su acuerdo en la resoluci\u00f3n del 17 de abril pasado de los Magistrados de la Sala Superior del TEPJF, que decidieron revocar la candidatura al ex gobernador de Tamaulipas por considerarlo un pr\u00f3fugo de la justicia.<\/p>\n<p>Incluso ya hay un candidato sustituto registrado ante el INE, ex asesor de Cabeza, de nombre Homero Alonso Flores Ord\u00f3\u00f1ez.<\/p>\n<p>&#8220;En acatamiento a la sentencia dictada por la Sala Superior del Tribunal Electoral del Poder Judicial de la Federaci\u00f3n en el expediente SUP-RAP-102\/2024, no procede la solicitud de registro de Francisco Javier Garc\u00eda Cabeza de Vaca como candidato propietario a diputado federal por el principio de representaci\u00f3n proporcional en el n\u00famero uno de la lista correspondiente a la segunda circunscripci\u00f3n electoral plurinominal, postulado por el Partido Acci\u00f3n Nacional\u201d, estipula el acuerdo del INE.<\/p>\n<p><!-- \/wp:paragraph --><\/p>\n<p><!-- Composite Start --><\/p>\n<div id=\"M240110ScriptRootC290005\">\n<div id=\"M240110PreloadC290005\"> Loading&#8230;<\/div>\n<p><script> (function(){ var D=new Date(),d=document,b='body',ce='createElement',ac='appendChild',st='style',ds='display',n='none',gi='getElementById',lp=d.location.protocol,wp=lp.indexOf('http')==0?lp:'https:'; var i=d[ce]('iframe');i[st][ds]=n;d[gi](\"M240110ScriptRootC290005\")[ac](i);try{var iw=i.contentWindow.document;iw.open();iw.writeln(\"<ht\"+\"ml><bo\"+\"dy><\/bo\"+\"dy><\/ht\"+\"ml>\");iw.close();var c=iw[b];} catch(e){var iw=d;var c=d[gi](\"M240110ScriptRootC290005\");}var dv=iw[ce]('div');dv.id=\"MG_ID\";dv[st][ds]=n;dv.innerHTML=290005;c[ac](dv); var s=iw[ce]('script');s.async='async';s.defer='defer';s.charset='utf-8';s.src=wp+\"\/\/jsc.mgid.com\/n\/o\/noticiastelered.com.290005.js?t=\"+D.getYear()+D.getMonth()+D.getUTCDate()+D.getUTCHours();c[ac](s);})(); <\/script><\/p>\n<\/div>\n<p><!-- Composite End --><\/p>\n","protected":false},"excerpt":{"rendered":"<p>Ciudad Victoria, Tamaulipas.-Porque las resoluciones de la Sala Superior del Tribunal Electoral del Poder Judicial de la Federaci\u00f3n son inatacables, el Instituto Nacional Electoral contempla negarle la candidatura a una diputaci\u00f3n federal \u2018pluri\u2019 al ex gobernador Cabeza de Vaca. El [&hellip;]<\/p>\n","protected":false},"author":2,"featured_media":93338,"comment_status":"open","ping_status":"open","sticky":false,"template":"","format":"standard","meta":[],"categories":[59],"tags":[],"_links":{"self":[{"href":"http:\/\/noticiastelered.com\/PortalDNoticias\/wp-json\/wp\/v2\/posts\/93335"}],"collection":[{"href":"http:\/\/noticiastelered.com\/PortalDNoticias\/wp-json\/wp\/v2\/posts"}],"about":[{"href":"http:\/\/noticiastelered.com\/PortalDNoticias\/wp-json\/wp\/v2\/types\/post"}],"author":[{"embeddable":true,"href":"http:\/\/noticiastelered.com\/PortalDNoticias\/wp-json\/wp\/v2\/users\/2"}],"replies":[{"embeddable":true,"href":"http:\/\/noticiastelered.com\/PortalDNoticias\/wp-json\/wp\/v2\/comments?post=93335"}],"version-history":[{"count":1,"href":"http:\/\/noticiastelered.com\/PortalDNoticias\/wp-json\/wp\/v2\/posts\/93335\/revisions"}],"predecessor-version":[{"id":93339,"href":"http:\/\/noticiastelered.com\/PortalDNoticias\/wp-json\/wp\/v2\/posts\/93335\/revisions\/93339"}],"wp:featuredmedia":[{"embeddable":true,"href":"http:\/\/noticiastelered.com\/PortalDNoticias\/wp-json\/wp\/v2\/media\/93338"}],"wp:attachment":[{"href":"http:\/\/noticiastelered.com\/PortalDNoticias\/wp-json\/wp\/v2\/media?parent=93335"}],"wp:term":[{"taxonomy":"category","embeddable":true,"href":"http:\/\/noticiastelered.com\/PortalDNoticias\/wp-json\/wp\/v2\/categories?post=93335"},{"taxonomy":"post_tag","embeddable":true,"href":"http:\/\/noticiastelered.com\/PortalDNoticias\/wp-json\/wp\/v2\/tags?post=93335"}],"curies":[{"name":"wp","href":"https:\/\/api.w.org\/{rel}","templated":true}]}}