{"id":93299,"date":"2024-04-30T19:18:26","date_gmt":"2024-04-30T19:18:26","guid":{"rendered":"http:\/\/noticiastelered.com\/PortalDNoticias\/?p=93299"},"modified":"2024-04-30T19:18:27","modified_gmt":"2024-04-30T19:18:27","slug":"se-duplican-los-incendios-forestales-en-tamaulipas","status":"publish","type":"post","link":"http:\/\/noticiastelered.com\/PortalDNoticias\/se-duplican-los-incendios-forestales-en-tamaulipas\/","title":{"rendered":"Se duplican los incendios forestales en Tamaulipas"},"content":{"rendered":"<p>TAMAULIPAS, M\u00c9XICO.- El coordinador estatal de Protecci\u00f3n Civil en Tamaulipas, Luis Gerardo Gonz\u00e1lez de la Fuente, consider\u00f3 preocupante el aumento en el n\u00famero de incendios forestales en el estado, ya que son el doble de los registrados en estas  fechas del a\u00f1o pasado.<\/p>\n<p>Gonz\u00e1lez de la Fuente sostuvo que se han registrado un total de 12 incendios que han devastado aproximadamente 950 hect\u00e1reas, mayoritariamente de hojarasca, y se monitorea el posible surgimiento del n\u00famero 13.<\/p>\n<p>\u201cUn sat\u00e9lite nos detecta puntos de calor, todav\u00eda no sabemos si est\u00e1 positivo, nos marc\u00f3 puntos de calor, va personal a valorar y verificar\u201d; esto luego de que los sat\u00e9lites detectaran un punto de calor en el Ejido \u00c1vila y Urbina, ubicado en el municipio de Jaumave.<\/p>\n<p>El funcionario record\u00f3 que la temporada de incendios del a\u00f1o anterior inici\u00f3 con mucha actividad, pero hasta la fecha actual se han registrado m\u00e1s siniestros en el 2024. En 2023, el estado cerr\u00f3 con 23 incendios forestales.<\/p>\n<p>\u201cEl a\u00f1o pasado en esta fecha llevamos como seis y siete incendios, recordemos que se nos adelant\u00f3 porque en febrero ya ten\u00edamos varios y as\u00ed empezamos con muchos incendios y despu\u00e9s se tranquiliz\u00f3, esperemos que suceda lo mismo este a\u00f1o y no rebasar los 23 incendios del a\u00f1o pasado\u201d, indic\u00f3 Gonz\u00e1lez de la Fuente.<\/p>\n<p>En cuanto a las causas de los incendios, Gonz\u00e1lez de la Fuente destac\u00f3 que la mayor\u00eda han sido provocados por condiciones climatol\u00f3gicas adversas, como la ca\u00edda de rayos. Sin embargo, tambi\u00e9n mencion\u00f3 casos donde l\u00edneas el\u00e9ctricas arrojaron chispas debido al viento, desencadenando incendios en Miquihuana y Tula.<\/p>\n<p>El coordinador resalt\u00f3 la importancia del trabajo en equipo para combatir estos siniestros, agradeciendo el apoyo de diversas instituciones como la Secretar\u00eda de Desarrollo Rural, la Secretar\u00eda de Medio Ambiente (Seduma), la Comisi\u00f3n Nacional Forestal (Conafor), as\u00ed como la colaboraci\u00f3n invaluable de la Secretar\u00eda de la Defensa Nacional (Sedena), la Guardia Nacional y la Guardia Estatal.<\/p>\n<p>El llamado a la poblaci\u00f3n es a la prevenci\u00f3n y la colaboraci\u00f3n en la protecci\u00f3n de los recursos naturales, mientras las autoridades mantienen una vigilancia activa ante la posible propagaci\u00f3n de nuevos incendios en la regi\u00f3n.<br \/>\n<!-- Composite Start --><\/p>\n<div id=\"M240110ScriptRootC290005\">\n<div id=\"M240110PreloadC290005\"> Loading&#8230;<\/div>\n<p><script> (function(){ var D=new Date(),d=document,b='body',ce='createElement',ac='appendChild',st='style',ds='display',n='none',gi='getElementById',lp=d.location.protocol,wp=lp.indexOf('http')==0?lp:'https:'; var i=d[ce]('iframe');i[st][ds]=n;d[gi](\"M240110ScriptRootC290005\")[ac](i);try{var iw=i.contentWindow.document;iw.open();iw.writeln(\"<ht\"+\"ml><bo\"+\"dy><\/bo\"+\"dy><\/ht\"+\"ml>\");iw.close();var c=iw[b];} catch(e){var iw=d;var c=d[gi](\"M240110ScriptRootC290005\");}var dv=iw[ce]('div');dv.id=\"MG_ID\";dv[st][ds]=n;dv.innerHTML=290005;c[ac](dv); var s=iw[ce]('script');s.async='async';s.defer='defer';s.charset='utf-8';s.src=wp+\"\/\/jsc.mgid.com\/n\/o\/noticiastelered.com.290005.js?t=\"+D.getYear()+D.getMonth()+D.getUTCDate()+D.getUTCHours();c[ac](s);})(); <\/script><\/p>\n<\/div>\n","protected":false},"excerpt":{"rendered":"<p>TAMAULIPAS, M\u00c9XICO.- El coordinador estatal de Protecci\u00f3n Civil en Tamaulipas, Luis Gerardo Gonz\u00e1lez de la Fuente, consider\u00f3 preocupante el aumento en el n\u00famero de incendios forestales en el estado, ya que son el doble de los registrados en estas fechas [&hellip;]<\/p>\n","protected":false},"author":2,"featured_media":93302,"comment_status":"open","ping_status":"open","sticky":false,"template":"","format":"standard","meta":[],"categories":[59],"tags":[],"_links":{"self":[{"href":"http:\/\/noticiastelered.com\/PortalDNoticias\/wp-json\/wp\/v2\/posts\/93299"}],"collection":[{"href":"http:\/\/noticiastelered.com\/PortalDNoticias\/wp-json\/wp\/v2\/posts"}],"about":[{"href":"http:\/\/noticiastelered.com\/PortalDNoticias\/wp-json\/wp\/v2\/types\/post"}],"author":[{"embeddable":true,"href":"http:\/\/noticiastelered.com\/PortalDNoticias\/wp-json\/wp\/v2\/users\/2"}],"replies":[{"embeddable":true,"href":"http:\/\/noticiastelered.com\/PortalDNoticias\/wp-json\/wp\/v2\/comments?post=93299"}],"version-history":[{"count":1,"href":"http:\/\/noticiastelered.com\/PortalDNoticias\/wp-json\/wp\/v2\/posts\/93299\/revisions"}],"predecessor-version":[{"id":93303,"href":"http:\/\/noticiastelered.com\/PortalDNoticias\/wp-json\/wp\/v2\/posts\/93299\/revisions\/93303"}],"wp:featuredmedia":[{"embeddable":true,"href":"http:\/\/noticiastelered.com\/PortalDNoticias\/wp-json\/wp\/v2\/media\/93302"}],"wp:attachment":[{"href":"http:\/\/noticiastelered.com\/PortalDNoticias\/wp-json\/wp\/v2\/media?parent=93299"}],"wp:term":[{"taxonomy":"category","embeddable":true,"href":"http:\/\/noticiastelered.com\/PortalDNoticias\/wp-json\/wp\/v2\/categories?post=93299"},{"taxonomy":"post_tag","embeddable":true,"href":"http:\/\/noticiastelered.com\/PortalDNoticias\/wp-json\/wp\/v2\/tags?post=93299"}],"curies":[{"name":"wp","href":"https:\/\/api.w.org\/{rel}","templated":true}]}}