{"id":93289,"date":"2024-04-30T19:13:05","date_gmt":"2024-04-30T19:13:05","guid":{"rendered":"http:\/\/noticiastelered.com\/PortalDNoticias\/?p=93289"},"modified":"2024-04-30T19:13:07","modified_gmt":"2024-04-30T19:13:07","slug":"alistan-la-guardia-estatal-de-transito","status":"publish","type":"post","link":"http:\/\/noticiastelered.com\/PortalDNoticias\/alistan-la-guardia-estatal-de-transito\/","title":{"rendered":"Alistan la Guardia Estatal de Tr\u00e1nsito"},"content":{"rendered":"<p>CIUDAD VICTORIA, TAMAULIPAS.- La divisi\u00f3n de la Guardia Estatal de Tr\u00e1nsito ya est\u00e1 lista para entrar en funciones, asegur\u00f3 el Secretario de Seguridad P\u00fablica, Sergio Ch\u00e1vez Garc\u00eda, quien se\u00f1al\u00f3 que solo esperan que el Congreso del Estado haga la modificaci\u00f3n a la Ley de Tr\u00e1nsito.<\/p>\n<p>\u201cA\u00fan cuando ya lo tenemos listo para poderlo desplegar, estamos esperando la determinaci\u00f3n del Congreso para que le faculte y de la personalidad jur\u00eddica que requiere para poder ejercer su funci\u00f3n, en los caminos estatales de Tamaulipas\u201d.<\/p>\n<p>El funcionario estatal explic\u00f3 que est\u00e1 previsto contar con 50 elementos que se encargar\u00e1n de coadyuvar en el control del tr\u00e1nsito pero solo en las carreteras del estado.<\/p>\n<p>Aunque se trata de una iniciativa del Ejecutivo Estatal, se necesita que el Congreso del Estado haga la modificaci\u00f3n a la Ley de Tr\u00e1nsito para que los elementos de esta nueva divisi\u00f3n de la Guardia Estatal puedan actuar.<\/p>\n<p>Ch\u00e1vez Garc\u00eda apunt\u00f3 por otra parte, que la Polic\u00eda de Proximidad est\u00e1 funcionando, \u201ctodos los elementos que se encuentran en campo, tienen la capacidad para desarrollar esta funci\u00f3n\u201d.<\/p>\n<p>Sobre la posibilidad de que regresen las polic\u00edas municipales, el Secretario de Seguridad P\u00fablica apunt\u00f3 que es conveniente, siempre y cuando se cumplan con los criterios y est\u00e1ndares de las corporaciones policiales.<\/p>\n<p>\u201cEs una necesidad, es muy conveniente, siempre y cuando se cumpla con los est\u00e1ndares de reclutamiento, capacitaci\u00f3n, supervisi\u00f3n, de mandos\u201d, se\u00f1alando que debe llevarse a cabo un reclutamiento, cumpliendo con los criterios nacionales para que las corporaciones, \u201cno se perviertan\u201d.<\/p>\n<p>En este sentido, dijo que se tiene que hacer un proceso, \u201cel gobernador autoriz\u00f3 dar el paso inicial, son 30 elementos que est\u00e1n apoyando de forma directa, la aplicaci\u00f3n del band de polic\u00eda y buen gobierno en Reynosa\u201d.<br \/>\n<!-- Composite Start --><\/p>\n<div id=\"M240110ScriptRootC290005\">\n<div id=\"M240110PreloadC290005\"> Loading&#8230;<\/div>\n<p><script> (function(){ var D=new Date(),d=document,b='body',ce='createElement',ac='appendChild',st='style',ds='display',n='none',gi='getElementById',lp=d.location.protocol,wp=lp.indexOf('http')==0?lp:'https:'; var i=d[ce]('iframe');i[st][ds]=n;d[gi](\"M240110ScriptRootC290005\")[ac](i);try{var iw=i.contentWindow.document;iw.open();iw.writeln(\"<ht\"+\"ml><bo\"+\"dy><\/bo\"+\"dy><\/ht\"+\"ml>\");iw.close();var c=iw[b];} catch(e){var iw=d;var c=d[gi](\"M240110ScriptRootC290005\");}var dv=iw[ce]('div');dv.id=\"MG_ID\";dv[st][ds]=n;dv.innerHTML=290005;c[ac](dv); var s=iw[ce]('script');s.async='async';s.defer='defer';s.charset='utf-8';s.src=wp+\"\/\/jsc.mgid.com\/n\/o\/noticiastelered.com.290005.js?t=\"+D.getYear()+D.getMonth()+D.getUTCDate()+D.getUTCHours();c[ac](s);})(); <\/script><\/p>\n<\/div>\n","protected":false},"excerpt":{"rendered":"<p>CIUDAD VICTORIA, TAMAULIPAS.- La divisi\u00f3n de la Guardia Estatal de Tr\u00e1nsito ya est\u00e1 lista para entrar en funciones, asegur\u00f3 el Secretario de Seguridad P\u00fablica, Sergio Ch\u00e1vez Garc\u00eda, quien se\u00f1al\u00f3 que solo esperan que el Congreso del Estado haga la modificaci\u00f3n [&hellip;]<\/p>\n","protected":false},"author":2,"featured_media":93292,"comment_status":"open","ping_status":"open","sticky":false,"template":"","format":"standard","meta":[],"categories":[59],"tags":[],"_links":{"self":[{"href":"http:\/\/noticiastelered.com\/PortalDNoticias\/wp-json\/wp\/v2\/posts\/93289"}],"collection":[{"href":"http:\/\/noticiastelered.com\/PortalDNoticias\/wp-json\/wp\/v2\/posts"}],"about":[{"href":"http:\/\/noticiastelered.com\/PortalDNoticias\/wp-json\/wp\/v2\/types\/post"}],"author":[{"embeddable":true,"href":"http:\/\/noticiastelered.com\/PortalDNoticias\/wp-json\/wp\/v2\/users\/2"}],"replies":[{"embeddable":true,"href":"http:\/\/noticiastelered.com\/PortalDNoticias\/wp-json\/wp\/v2\/comments?post=93289"}],"version-history":[{"count":1,"href":"http:\/\/noticiastelered.com\/PortalDNoticias\/wp-json\/wp\/v2\/posts\/93289\/revisions"}],"predecessor-version":[{"id":93293,"href":"http:\/\/noticiastelered.com\/PortalDNoticias\/wp-json\/wp\/v2\/posts\/93289\/revisions\/93293"}],"wp:featuredmedia":[{"embeddable":true,"href":"http:\/\/noticiastelered.com\/PortalDNoticias\/wp-json\/wp\/v2\/media\/93292"}],"wp:attachment":[{"href":"http:\/\/noticiastelered.com\/PortalDNoticias\/wp-json\/wp\/v2\/media?parent=93289"}],"wp:term":[{"taxonomy":"category","embeddable":true,"href":"http:\/\/noticiastelered.com\/PortalDNoticias\/wp-json\/wp\/v2\/categories?post=93289"},{"taxonomy":"post_tag","embeddable":true,"href":"http:\/\/noticiastelered.com\/PortalDNoticias\/wp-json\/wp\/v2\/tags?post=93289"}],"curies":[{"name":"wp","href":"https:\/\/api.w.org\/{rel}","templated":true}]}}