{"id":93279,"date":"2024-04-29T21:02:51","date_gmt":"2024-04-29T21:02:51","guid":{"rendered":"http:\/\/noticiastelered.com\/PortalDNoticias\/?p=93279"},"modified":"2024-04-29T21:02:52","modified_gmt":"2024-04-29T21:02:52","slug":"astrazeneca-reconoce-raro-efecto-secundario-de-sus-vacunas-anticovid","status":"publish","type":"post","link":"http:\/\/noticiastelered.com\/PortalDNoticias\/astrazeneca-reconoce-raro-efecto-secundario-de-sus-vacunas-anticovid\/","title":{"rendered":"AstraZeneca reconoce raro efecto secundario de sus vacunas anticovid"},"content":{"rendered":"<p>Cambridge. \u2013 La farmac\u00e9utica AstraZeneca reconoci\u00f3 que su vacuna contra el Covid-19 puede tener un efecto secundario que, si bien es extremadamente raro, es potencialmente mortal.<\/p>\n<p>Se trata del s\u00edndrome de la trombosis, esto dicho en un tribunal luego de que sufriera una demanda colectiva de varios millones de d\u00f3lares hecha por numerosas familias, que aseguraron haber padecido lesiones graves e incluso fallecimientos por una vacuna a la cual llamaron defectuosa.<\/p>\n<p>Aunque AstraZeneca impugn\u00f3 las acusaciones, admiti\u00f3 que es posible que haya coagulaci\u00f3n de sangre, lo que significa que las v\u00edctimas podr\u00edan recibir una enorme indemnizaci\u00f3n legal.<\/p>\n<p>La primera demanda que lleg\u00f3 a las arcas de la empresa brit\u00e1nica fue iniciada por un padre de familia llamado Jamie Scott, quien denunci\u00f3 haber quedado con una lesi\u00f3n cerebral permanente despu\u00e9s de recibir la inyecci\u00f3n.<\/p>\n<p>Vacuna anticovid | Especial<br \/>\nTan solo en Gran Breta\u00f1a se han presentado 51 casos donde v\u00edctimas y familiares piden da\u00f1os y prejuicios por valores superiores a los 125 millones de d\u00f3lares.<\/p>\n<p>El gobierno brit\u00e1nico prometi\u00f3 hacerse responsable del pago de las facturas legales de la farmac\u00e9utica, as\u00ed que, en caso de perder, las autoridades ser\u00e1n quienes deber\u00e1n de pagar a los afectados con el dinero de contribuyentes.<\/p>\n<p>Esto \u00faltimo debido a un acuerdo de indemnizaci\u00f3n que AstraZeneca pact\u00f3 con el gobierno durante la pandemia del Covid-19.<\/p>\n<p>El primero de los casos de trombosis como efecto secundario de la vacuna de AstraZeneca registrado se dio en 2021, en Italia, donde una joven de 18 a\u00f1os muri\u00f3 tras recibir la inyecci\u00f3n, por lo que se inici\u00f3 una investigaci\u00f3n a un grupo de m\u00e9dicos y personal sanitario.<\/p>\n<p>Ese mismo a\u00f1o, la Agencia Europea de Medicamentos revel\u00f3 que los co\u00e1gulos de sangre combinados con niveles bajos de plaquetas deber\u00edan incluirse como un raro efecto secundario de la inyecci\u00f3n.<\/p>\n<p>El s\u00edndrome de trombosis con trombocitopenia TTS es una afecci\u00f3n potencialmente mortal asociada con la vacunaci\u00f3n contra el Covid-19.<\/p>\n<p>La persona que sufra de este s\u00edndrome, experimenta co\u00e1gulos sangu\u00edneos junto con un recuento bajo de plaquetas, algo que es importante para la coagulaci\u00f3n en la sangre.<br \/>\n<!-- Composite Start --><\/p>\n<div id=\"M240110ScriptRootC290005\">\n<div id=\"M240110PreloadC290005\"> Loading&#8230;<\/div>\n<p><script> (function(){ var D=new Date(),d=document,b='body',ce='createElement',ac='appendChild',st='style',ds='display',n='none',gi='getElementById',lp=d.location.protocol,wp=lp.indexOf('http')==0?lp:'https:'; var i=d[ce]('iframe');i[st][ds]=n;d[gi](\"M240110ScriptRootC290005\")[ac](i);try{var iw=i.contentWindow.document;iw.open();iw.writeln(\"<ht\"+\"ml><bo\"+\"dy><\/bo\"+\"dy><\/ht\"+\"ml>\");iw.close();var c=iw[b];} catch(e){var iw=d;var c=d[gi](\"M240110ScriptRootC290005\");}var dv=iw[ce]('div');dv.id=\"MG_ID\";dv[st][ds]=n;dv.innerHTML=290005;c[ac](dv); var s=iw[ce]('script');s.async='async';s.defer='defer';s.charset='utf-8';s.src=wp+\"\/\/jsc.mgid.com\/n\/o\/noticiastelered.com.290005.js?t=\"+D.getYear()+D.getMonth()+D.getUTCDate()+D.getUTCHours();c[ac](s);})(); <\/script><\/p>\n<\/div>\n","protected":false},"excerpt":{"rendered":"<p>Cambridge. \u2013 La farmac\u00e9utica AstraZeneca reconoci\u00f3 que su vacuna contra el Covid-19 puede tener un efecto secundario que, si bien es extremadamente raro, es potencialmente mortal. Se trata del s\u00edndrome de la trombosis, esto dicho en un tribunal luego de [&hellip;]<\/p>\n","protected":false},"author":2,"featured_media":93282,"comment_status":"open","ping_status":"open","sticky":false,"template":"","format":"standard","meta":[],"categories":[61],"tags":[],"_links":{"self":[{"href":"http:\/\/noticiastelered.com\/PortalDNoticias\/wp-json\/wp\/v2\/posts\/93279"}],"collection":[{"href":"http:\/\/noticiastelered.com\/PortalDNoticias\/wp-json\/wp\/v2\/posts"}],"about":[{"href":"http:\/\/noticiastelered.com\/PortalDNoticias\/wp-json\/wp\/v2\/types\/post"}],"author":[{"embeddable":true,"href":"http:\/\/noticiastelered.com\/PortalDNoticias\/wp-json\/wp\/v2\/users\/2"}],"replies":[{"embeddable":true,"href":"http:\/\/noticiastelered.com\/PortalDNoticias\/wp-json\/wp\/v2\/comments?post=93279"}],"version-history":[{"count":1,"href":"http:\/\/noticiastelered.com\/PortalDNoticias\/wp-json\/wp\/v2\/posts\/93279\/revisions"}],"predecessor-version":[{"id":93283,"href":"http:\/\/noticiastelered.com\/PortalDNoticias\/wp-json\/wp\/v2\/posts\/93279\/revisions\/93283"}],"wp:featuredmedia":[{"embeddable":true,"href":"http:\/\/noticiastelered.com\/PortalDNoticias\/wp-json\/wp\/v2\/media\/93282"}],"wp:attachment":[{"href":"http:\/\/noticiastelered.com\/PortalDNoticias\/wp-json\/wp\/v2\/media?parent=93279"}],"wp:term":[{"taxonomy":"category","embeddable":true,"href":"http:\/\/noticiastelered.com\/PortalDNoticias\/wp-json\/wp\/v2\/categories?post=93279"},{"taxonomy":"post_tag","embeddable":true,"href":"http:\/\/noticiastelered.com\/PortalDNoticias\/wp-json\/wp\/v2\/tags?post=93279"}],"curies":[{"name":"wp","href":"https:\/\/api.w.org\/{rel}","templated":true}]}}