{"id":93126,"date":"2024-04-28T04:41:54","date_gmt":"2024-04-28T04:41:54","guid":{"rendered":"http:\/\/noticiastelered.com\/PortalDNoticias\/?p=93126"},"modified":"2024-04-28T04:41:55","modified_gmt":"2024-04-28T04:41:55","slug":"estoy-teniendo-problemas-con-la-vejez-consuelo-duval","status":"publish","type":"post","link":"http:\/\/noticiastelered.com\/PortalDNoticias\/estoy-teniendo-problemas-con-la-vejez-consuelo-duval\/","title":{"rendered":"Estoy teniendo problemas con la vejez: Consuelo Duval"},"content":{"rendered":"<p>M\u00c9XICO.- Consuelo Duval se sincer\u00f3 como nunca en \u201cNetas Divinas\u201d, donde habl\u00f3 por primera vez de las inseguridades que le ha dejado la vejez, pues a sus 55 a\u00f1os ha experimentado algunos cambios f\u00edsicos que ella misma ha contado, pero que incluso han provocado experiencias con mal sabor de boca. Sobre ello, no dud\u00f3 en empoderarse y recordar que los cambios son normales, aunque la gente siempre quiera \u201cverte en tus momentos de gloria\u201c.<\/p>\n<p>En el inicio del programa, la actriz de comedia presumi\u00f3 su look en el que llevaba un escote, por lo que fue cuestionada por Paola Rojas sobre cu\u00e1nto le importa su imagen. Ante ello, Consuelo Duval no dud\u00f3 en decir que es a lo que menos le presta atenci\u00f3n, pero sus compa\u00f1eras r\u00e1pidamente la interrumpieron y aseguraron que ese d\u00eda era la excepci\u00f3n, pues es normal tener d\u00edas malos con inseguridades relacionadas a la belleza.<\/p>\n<p>Consuelo Duval revela que tiene problemas con la vejez<br \/>\nLuego de escuchar las palabras de Paola Rojas, quien tambi\u00e9n solt\u00f3 la pregunta de si se perciben feas cuando su estado de \u00e1nimo es triste, la actriz de \u201cLa Familia P. Luche\u201d abri\u00f3 su coraz\u00f3n como pocas veces. \u201cM\u00e1s all\u00e1 de la fealdad, con lo que estoy teniendo problemas es con la vejez\u201c.<\/p>\n<p>En su conversaci\u00f3n, la tambi\u00e9n conductora cont\u00f3 que esto se le ha quedado en el cabeza y a\u00f1adi\u00f3 que uno de los problemas fundamentales es que la personas siempre quieren ver a las personas brillando de juventud. \u201cVi un meme se Sarah Jessica Parker que me impresion\u00f3 porque la gente espera verte as\u00ed, como te vieron en tus momentos de gloria, pero el tiempo es irremediable, el tiempo pasa y hace que tu piel\u2026 s\u00ed puedes ayudarle a tu cuerpo para revertir estos s\u00edntomas de la vejez, pero es a trav\u00e9s de lastimarlo\u201d.<\/p>\n<p>Luego de esta reflexi\u00f3n, cay\u00f3 en cuenta que si no existieran los espejos, ella y otras mujeres podr\u00edan sentirse plenas e incluso decir que se sienten de su edad con orgullo, o bien, con a\u00f1os menos, pero siempre plena. En su caso, se sentir\u00eda de 24 o 25 a\u00f1os de edad; mientras que la periodista confes\u00f3 que ella tendr\u00eda 19 a\u00f1os, por su parte Galilea Montijo dijo que de 15 o 18 a\u00f1os.<\/p>\n<p>Consuelo Duval revela que fue criticada y mal vista por su forma de vestir<br \/>\nAl seguir abordando los temas de la belleza, Consuelo Duval cont\u00f3 que una vez fue a hacerse unos an\u00e1lisis y se puso la pijama debajo de su ropa, por lo que la gente la critic\u00f3 e incluso fue mal vista. Pero su forma de contar la an\u00e9cdota fue tan graciosa que incluso sus compa\u00f1eras bromearon con que hab\u00eda sido su culpa: \u201cse asust\u00f3, te ve\u00edas peligrosa\u201d, dijo Paola Rojas.<\/p>\n<p>\u201cPor eso me arreglo, si por m\u00ed fuera, no (lo har\u00eda)\u201d, concluy\u00f3 la famosa de 55 a\u00f1os.<br \/>\n<!-- Composite Start --><\/p>\n<div id=\"M240110ScriptRootC290005\">\n<div id=\"M240110PreloadC290005\"> Loading&#8230;<\/div>\n<p><script> (function(){ var D=new Date(),d=document,b='body',ce='createElement',ac='appendChild',st='style',ds='display',n='none',gi='getElementById',lp=d.location.protocol,wp=lp.indexOf('http')==0?lp:'https:'; var i=d[ce]('iframe');i[st][ds]=n;d[gi](\"M240110ScriptRootC290005\")[ac](i);try{var iw=i.contentWindow.document;iw.open();iw.writeln(\"<ht\"+\"ml><bo\"+\"dy><\/bo\"+\"dy><\/ht\"+\"ml>\");iw.close();var c=iw[b];} catch(e){var iw=d;var c=d[gi](\"M240110ScriptRootC290005\");}var dv=iw[ce]('div');dv.id=\"MG_ID\";dv[st][ds]=n;dv.innerHTML=290005;c[ac](dv); var s=iw[ce]('script');s.async='async';s.defer='defer';s.charset='utf-8';s.src=wp+\"\/\/jsc.mgid.com\/n\/o\/noticiastelered.com.290005.js?t=\"+D.getYear()+D.getMonth()+D.getUTCDate()+D.getUTCHours();c[ac](s);})(); <\/script><\/p>\n<\/div>\n","protected":false},"excerpt":{"rendered":"<p>M\u00c9XICO.- Consuelo Duval se sincer\u00f3 como nunca en \u201cNetas Divinas\u201d, donde habl\u00f3 por primera vez de las inseguridades que le ha dejado la vejez, pues a sus 55 a\u00f1os ha experimentado algunos cambios f\u00edsicos que ella misma ha contado, pero [&hellip;]<\/p>\n","protected":false},"author":7,"featured_media":93129,"comment_status":"open","ping_status":"open","sticky":false,"template":"","format":"standard","meta":[],"categories":[66],"tags":[],"_links":{"self":[{"href":"http:\/\/noticiastelered.com\/PortalDNoticias\/wp-json\/wp\/v2\/posts\/93126"}],"collection":[{"href":"http:\/\/noticiastelered.com\/PortalDNoticias\/wp-json\/wp\/v2\/posts"}],"about":[{"href":"http:\/\/noticiastelered.com\/PortalDNoticias\/wp-json\/wp\/v2\/types\/post"}],"author":[{"embeddable":true,"href":"http:\/\/noticiastelered.com\/PortalDNoticias\/wp-json\/wp\/v2\/users\/7"}],"replies":[{"embeddable":true,"href":"http:\/\/noticiastelered.com\/PortalDNoticias\/wp-json\/wp\/v2\/comments?post=93126"}],"version-history":[{"count":1,"href":"http:\/\/noticiastelered.com\/PortalDNoticias\/wp-json\/wp\/v2\/posts\/93126\/revisions"}],"predecessor-version":[{"id":93130,"href":"http:\/\/noticiastelered.com\/PortalDNoticias\/wp-json\/wp\/v2\/posts\/93126\/revisions\/93130"}],"wp:featuredmedia":[{"embeddable":true,"href":"http:\/\/noticiastelered.com\/PortalDNoticias\/wp-json\/wp\/v2\/media\/93129"}],"wp:attachment":[{"href":"http:\/\/noticiastelered.com\/PortalDNoticias\/wp-json\/wp\/v2\/media?parent=93126"}],"wp:term":[{"taxonomy":"category","embeddable":true,"href":"http:\/\/noticiastelered.com\/PortalDNoticias\/wp-json\/wp\/v2\/categories?post=93126"},{"taxonomy":"post_tag","embeddable":true,"href":"http:\/\/noticiastelered.com\/PortalDNoticias\/wp-json\/wp\/v2\/tags?post=93126"}],"curies":[{"name":"wp","href":"https:\/\/api.w.org\/{rel}","templated":true}]}}