{"id":93105,"date":"2024-04-27T06:15:40","date_gmt":"2024-04-27T06:15:40","guid":{"rendered":"http:\/\/noticiastelered.com\/PortalDNoticias\/?p=93105"},"modified":"2024-04-27T06:15:41","modified_gmt":"2024-04-27T06:15:41","slug":"cuanto-cuesta-el-auto-electrico-viral-de-waldos","status":"publish","type":"post","link":"http:\/\/noticiastelered.com\/PortalDNoticias\/cuanto-cuesta-el-auto-electrico-viral-de-waldos\/","title":{"rendered":"\u00bfCu\u00e1nto cuesta el auto el\u00e9ctrico viral de Waldo\u2019s?"},"content":{"rendered":"\n<p><strong>Monterrey. &#8211;<\/strong>&nbsp; Usuarios en las redes sociales se han mostrado sorprendidos tras enterarse que algunas tiendas de Waldo\u2019s venden autos el\u00e9ctricos.<\/p>\n\n\n\n<p>Al ingresar a la p\u00e1gina web de la compa\u00f1\u00eda se muestran cuatro colores diferentes de estos peculiares veh\u00edculos.<\/p>\n\n\n\n<h2 class=\"wp-block-heading\"><strong>\u00bfCu\u00e1nto cuestan?<\/strong><\/h2>\n\n\n\n<p>En la p\u00e1gina de Waldo\u2019s se informa que el costo de este auto el\u00e9ctrico es de 99 mil 999.99 pesos, mismo que antes ten\u00eda un precio de 119 mil 999.99 pesos.<\/p>\n\n\n\n<p>Hasta el momento no se tiene un dato exacto sobre en qu\u00e9 tiendas estar\u00e1n vendiendo este veh\u00edculo, sin embargo, una usuaria comparti\u00f3 en su cuenta de TikTok un video en el que aparece este veh\u00edculo en una tienda de Durango.<\/p>\n\n\n\n<p>\u201cNo inventen es real, me enamor\u00e9\u201d, public\u00f3 en la grabaci\u00f3n.<\/p>\n\n\n\n<p>En la p\u00e1gina de Waldo\u2019s se explica que este veh\u00edculo recreativo Kiwo est\u00e1 dise\u00f1ado \u201cpara cautivar con su estilo aerodin\u00e1mico y futurista, el Kiwo no solo es una expresi\u00f3n de modernidad, sino tambi\u00e9n una experiencia de conducci\u00f3n \u00fanica\u201d.<\/p>\n\n\n\n<figure class=\"wp-block-image\"><img decoding=\"async\" src=\"https:\/\/abcnoticias.mx\/u\/fotografias\/m\/2024\/4\/26\/f768x1-246007_246134_5050.jpg\" alt=\"\"\/><figcaption class=\"wp-element-caption\">Foto: Waldo&#8217;s<\/figcaption><\/figure>\n\n\n\n<p>Se agrega que este auto es ideal para recorrer\u00e1 distancias cortas con una autonom\u00eda de 60 kil\u00f3metros y tiene detalles estilizados, como luces LED y una parrilla delantera.<\/p>\n\n\n\n<p>El auto est\u00e1 equipado con: radio, lector USB, limpiaparabrisas,&nbsp;luces de neblina, direccionales y espacios para colocar tus objetos del d\u00eda a d\u00eda.<\/p>\n\n\n\n<p>El Kiwo tiene medidas de 220 cm x 110 cm x 135 cm y un peso de 100 kilogramos. Adem\u00e1s, cuenta con una bater\u00eda de \u00e1cido 60V-5ah&nbsp;y velocidad m\u00e1xima de 40 km\/h.<\/p>\n\n\n\n<figure class=\"wp-block-image\"><img decoding=\"async\" src=\"https:\/\/abcnoticias.mx\/u\/fotografias\/m\/2024\/4\/26\/f768x1-246009_246136_5050.png\" alt=\"\"\/><figcaption class=\"wp-element-caption\">Foto: Waldo&#8217;s<\/figcaption><\/figure>\n\n\n\n<p>Es importante acudir a la Secretar\u00eda de Movilidad de tu entidad con la ficha t\u00e9cnica para determinar si es candidato para obtener una clave vehicular y conocer si el auto Kiwo tiene permiso para circular en espacios p\u00fablicos.<\/p>\n\n\n\n<p>Los comentarios en redes sociales no se hicieron esperar y muchos bromearon debido al tama\u00f1o del veh\u00edculo.<\/p>\n\n\n\n<p>\u201cSi, imag\u00ednate aqu\u00ed en Monterrey, con uno de esos no dura o te chocan y all\u00ed quedas o por los baches se desarma, jajaja\u201d.<\/p>\n\n\n\n<p>\u201c100k no lo vale, deber\u00eda estar a un precio menor a 20k\u201d.<\/p>\n\n\n\n<p>\u201cjajajaja le pasa un tr\u00e1iler junto y lo manda volando a la ch&#8230;esas cosas son una bomba de tiempo, no tienen ni estabilidad ni la estructura para aguantar un posible accidente, totalmente inseguros\u201d, fueron algunos de los comentarios.<\/p>\n","protected":false},"excerpt":{"rendered":"<p>Monterrey. &#8211;&nbsp; Usuarios en las redes sociales se han mostrado sorprendidos tras enterarse que algunas tiendas de Waldo\u2019s venden autos el\u00e9ctricos. Al ingresar a la p\u00e1gina web de la compa\u00f1\u00eda se muestran cuatro colores diferentes de estos peculiares veh\u00edculos. \u00bfCu\u00e1nto [&hellip;]<\/p>\n","protected":false},"author":7,"featured_media":93108,"comment_status":"open","ping_status":"open","sticky":false,"template":"","format":"standard","meta":[],"categories":[3],"tags":[],"_links":{"self":[{"href":"http:\/\/noticiastelered.com\/PortalDNoticias\/wp-json\/wp\/v2\/posts\/93105"}],"collection":[{"href":"http:\/\/noticiastelered.com\/PortalDNoticias\/wp-json\/wp\/v2\/posts"}],"about":[{"href":"http:\/\/noticiastelered.com\/PortalDNoticias\/wp-json\/wp\/v2\/types\/post"}],"author":[{"embeddable":true,"href":"http:\/\/noticiastelered.com\/PortalDNoticias\/wp-json\/wp\/v2\/users\/7"}],"replies":[{"embeddable":true,"href":"http:\/\/noticiastelered.com\/PortalDNoticias\/wp-json\/wp\/v2\/comments?post=93105"}],"version-history":[{"count":1,"href":"http:\/\/noticiastelered.com\/PortalDNoticias\/wp-json\/wp\/v2\/posts\/93105\/revisions"}],"predecessor-version":[{"id":93109,"href":"http:\/\/noticiastelered.com\/PortalDNoticias\/wp-json\/wp\/v2\/posts\/93105\/revisions\/93109"}],"wp:featuredmedia":[{"embeddable":true,"href":"http:\/\/noticiastelered.com\/PortalDNoticias\/wp-json\/wp\/v2\/media\/93108"}],"wp:attachment":[{"href":"http:\/\/noticiastelered.com\/PortalDNoticias\/wp-json\/wp\/v2\/media?parent=93105"}],"wp:term":[{"taxonomy":"category","embeddable":true,"href":"http:\/\/noticiastelered.com\/PortalDNoticias\/wp-json\/wp\/v2\/categories?post=93105"},{"taxonomy":"post_tag","embeddable":true,"href":"http:\/\/noticiastelered.com\/PortalDNoticias\/wp-json\/wp\/v2\/tags?post=93105"}],"curies":[{"name":"wp","href":"https:\/\/api.w.org\/{rel}","templated":true}]}}