{"id":93100,"date":"2024-04-27T06:13:14","date_gmt":"2024-04-27T06:13:14","guid":{"rendered":"http:\/\/noticiastelered.com\/PortalDNoticias\/?p=93100"},"modified":"2024-04-27T06:13:16","modified_gmt":"2024-04-27T06:13:16","slug":"mujer-mata-a-golpes-a-su-hija-de-5-anos-por-no-limpiar-la-casa-en-el-salvador","status":"publish","type":"post","link":"http:\/\/noticiastelered.com\/PortalDNoticias\/mujer-mata-a-golpes-a-su-hija-de-5-anos-por-no-limpiar-la-casa-en-el-salvador\/","title":{"rendered":"Mujer mata a golpes a su hija de 5 a\u00f1os por no limpiar la casa en El Salvador"},"content":{"rendered":"<p>San Salvador. &#8211;  Una mujer fue arrestada en El Salvador por supuestamente golpear su hija de 5 a\u00f1os y ocasionarle la muerte, seg\u00fan inform\u00f3 este jueves la Polic\u00eda Nacional Civil (PNC), un hecho que varias ONG internacionales lamentaron.<\/p>\n<p>El cuerpo policial indic\u00f3 que la supuesta responsable es Jacqueline Cruz Mart\u00ednez, de 30 a\u00f1os, quien habr\u00eda golpeado a la ni\u00f1a por &#8220;no haber realizado limpieza en casa&#8221;.<\/p>\n<p>La Polic\u00eda a\u00f1adi\u00f3 que Cruz Mart\u00ednez ser\u00e1 &#8220;procesada por este crimen&#8221;, del que no se brindaron m\u00e1s detalles ni se especific\u00f3 en qu\u00e9 zona del pa\u00eds ocurri\u00f3.<\/p>\n<p>Usuarios en redes sociales reaccionaron indignados con la noticia y pidieron a las autoridades ser en\u00e9rgicos ante este tipo de casos.<\/p>\n<p>Organizaciones no gubernamentales que velan por el bienestar y los derechos de los ni\u00f1os y adolescentes salvadore\u00f1os expresaron el mi\u00e9rcoles su preocupaci\u00f3n por los &#8220;lamentables casos de homicidios y agresiones a reci\u00e9n nacidos registrados en las \u00faltimas semanas&#8221; en el pa\u00eds.<\/p>\n<p>Las ONG, entre estas Plan Internacional, Educo y Save The Children y que son parte de la Alianza Joining Forces, reiteraron su compromiso para &#8220;unir fuerzas y promover en conjunto con el Estado, la familia y las comunidades, programas para prevenir toda forma de violencia contra la infancia, ni\u00f1ez y adolescencia&#8221;.<\/p>\n<p>Seg\u00fan ha reportado la prensa local, en lo que va de 2024 al menos siete reci\u00e9n nacidos han sido v\u00edctimas de homicidio o maltrato, esto de acuerdo con la Polic\u00eda.<\/p>\n<p>La corporaci\u00f3n policial recientemente inform\u00f3 que un reci\u00e9n nacido hab\u00eda sido rescatado con vida luego de ser localizado en la letrina de una vivienda, en una zona rural del municipio de Izalco (este).<\/p>\n<p>La Alianza Joining Forces tambi\u00e9n recomienda al Estado salvadore\u00f1o &#8220;divulgar acciones y alternativas apegadas al marco normativo y legal con las que se cuentan para priorizar en todo momento la protecci\u00f3n integral de las madres y la de sus beb\u00e9s&#8221;.<br \/>\n<!-- Composite Start --><\/p>\n<div id=\"M240110ScriptRootC290005\">\n<div id=\"M240110PreloadC290005\"> Loading&#8230;<\/div>\n<p><script> (function(){ var D=new Date(),d=document,b='body',ce='createElement',ac='appendChild',st='style',ds='display',n='none',gi='getElementById',lp=d.location.protocol,wp=lp.indexOf('http')==0?lp:'https:'; var i=d[ce]('iframe');i[st][ds]=n;d[gi](\"M240110ScriptRootC290005\")[ac](i);try{var iw=i.contentWindow.document;iw.open();iw.writeln(\"<ht\"+\"ml><bo\"+\"dy><\/bo\"+\"dy><\/ht\"+\"ml>\");iw.close();var c=iw[b];} catch(e){var iw=d;var c=d[gi](\"M240110ScriptRootC290005\");}var dv=iw[ce]('div');dv.id=\"MG_ID\";dv[st][ds]=n;dv.innerHTML=290005;c[ac](dv); var s=iw[ce]('script');s.async='async';s.defer='defer';s.charset='utf-8';s.src=wp+\"\/\/jsc.mgid.com\/n\/o\/noticiastelered.com.290005.js?t=\"+D.getYear()+D.getMonth()+D.getUTCDate()+D.getUTCHours();c[ac](s);})(); <\/script><\/p>\n<\/div>\n","protected":false},"excerpt":{"rendered":"<p>San Salvador. &#8211; Una mujer fue arrestada en El Salvador por supuestamente golpear su hija de 5 a\u00f1os y ocasionarle la muerte, seg\u00fan inform\u00f3 este jueves la Polic\u00eda Nacional Civil (PNC), un hecho que varias ONG internacionales lamentaron. El cuerpo [&hellip;]<\/p>\n","protected":false},"author":7,"featured_media":93103,"comment_status":"open","ping_status":"open","sticky":false,"template":"","format":"standard","meta":[],"categories":[61],"tags":[],"_links":{"self":[{"href":"http:\/\/noticiastelered.com\/PortalDNoticias\/wp-json\/wp\/v2\/posts\/93100"}],"collection":[{"href":"http:\/\/noticiastelered.com\/PortalDNoticias\/wp-json\/wp\/v2\/posts"}],"about":[{"href":"http:\/\/noticiastelered.com\/PortalDNoticias\/wp-json\/wp\/v2\/types\/post"}],"author":[{"embeddable":true,"href":"http:\/\/noticiastelered.com\/PortalDNoticias\/wp-json\/wp\/v2\/users\/7"}],"replies":[{"embeddable":true,"href":"http:\/\/noticiastelered.com\/PortalDNoticias\/wp-json\/wp\/v2\/comments?post=93100"}],"version-history":[{"count":1,"href":"http:\/\/noticiastelered.com\/PortalDNoticias\/wp-json\/wp\/v2\/posts\/93100\/revisions"}],"predecessor-version":[{"id":93104,"href":"http:\/\/noticiastelered.com\/PortalDNoticias\/wp-json\/wp\/v2\/posts\/93100\/revisions\/93104"}],"wp:featuredmedia":[{"embeddable":true,"href":"http:\/\/noticiastelered.com\/PortalDNoticias\/wp-json\/wp\/v2\/media\/93103"}],"wp:attachment":[{"href":"http:\/\/noticiastelered.com\/PortalDNoticias\/wp-json\/wp\/v2\/media?parent=93100"}],"wp:term":[{"taxonomy":"category","embeddable":true,"href":"http:\/\/noticiastelered.com\/PortalDNoticias\/wp-json\/wp\/v2\/categories?post=93100"},{"taxonomy":"post_tag","embeddable":true,"href":"http:\/\/noticiastelered.com\/PortalDNoticias\/wp-json\/wp\/v2\/tags?post=93100"}],"curies":[{"name":"wp","href":"https:\/\/api.w.org\/{rel}","templated":true}]}}