{"id":93095,"date":"2024-04-27T06:09:06","date_gmt":"2024-04-27T06:09:06","guid":{"rendered":"http:\/\/noticiastelered.com\/PortalDNoticias\/?p=93095"},"modified":"2024-04-27T06:09:08","modified_gmt":"2024-04-27T06:09:08","slug":"ayudenme-hombre-se-prende-fuego-y-personas-lo-ignoran-en-oaxaca","status":"publish","type":"post","link":"http:\/\/noticiastelered.com\/PortalDNoticias\/ayudenme-hombre-se-prende-fuego-y-personas-lo-ignoran-en-oaxaca\/","title":{"rendered":"Ay\u00fadenme: Hombre se prende fuego y personas lo ignoran en Oaxaca"},"content":{"rendered":"<p>Oaxaca. \u2013 Un hombre que, presuntamente, padece de una enfermedad mental, se prendi\u00f3 fuego en la explanada de la Alameda de Le\u00f3n, a pocos metros de la Catedral de la ciudad de Oaxaca.<\/p>\n<p>El incidente se present\u00f3 la tarde de ayer mi\u00e9rcoles 24 de abril, y en redes sociales fue posible encontrar algunos videos relacionados con este hecho.<\/p>\n<p>Fueron transe\u00fantes quienes captaron las im\u00e1genes con sus c\u00e1maras celulares, registrando c\u00f3mo el individuo se incendi\u00f3 la ropa y despu\u00e9s se la quit\u00f3 para quedarse tirado en el suelo a la vista de varios ciudadanos.<\/p>\n<p>\u201cAy\u00fadenme\u201d, se escuch\u00f3 gritar al hombre, quien aseguraba que lo quer\u00edan desaparecer, pero que no fue auxiliado por ninguna persona.<\/p>\n<p>Uno de estos clips muestra c\u00f3mo hab\u00eda un pantal\u00f3n en llamas que se encontraba en medio de esta plaza, muy cerca de donde el hombre se revolc\u00f3 y clam\u00f3 por auxilio.<\/p>\n<p>Ha trascendido que las personas que estaban cerca de este hombre, si bien se vieron sorprendidos por su acto, no acudieron a ayudarlo porque se encontraban participando en la organizaci\u00f3n de un evento con motivo del aniversario de la ciudad.<\/p>\n<p>Finalmente, al sitio llegaron param\u00e9dicos de la Cruz Roja, que le brindaron ayuda al ciudadano herido que fue trasladado a un hospital.<\/p>\n<p>Hasta el momento ni el Gobierno de Oaxaca ni alguna otra autoridad municipal se ha pronunciado al respecto del estado de salud del hombre, ni el motivo que lo orill\u00f3 a realizar esta autolesi\u00f3n.<\/p>\n<p>Es importante tener en cuenta que ese mismo d\u00eda, el Cabildo municipal aprob\u00f3 una nueva licencia a Francisco Mart\u00ednez Neri, vigente presidente mundial, quien se separ\u00f3 del cargo hasta el pr\u00f3ximo 7 de junio para llevar a cabo sus trabajos de campa\u00f1a en busca de la reelecci\u00f3n, defendiendo los colores de Morena.<br \/>\n<!-- Composite Start --><\/p>\n<div id=\"M240110ScriptRootC290005\">\n<div id=\"M240110PreloadC290005\"> Loading&#8230;<\/div>\n<p><script> (function(){ var D=new Date(),d=document,b='body',ce='createElement',ac='appendChild',st='style',ds='display',n='none',gi='getElementById',lp=d.location.protocol,wp=lp.indexOf('http')==0?lp:'https:'; var i=d[ce]('iframe');i[st][ds]=n;d[gi](\"M240110ScriptRootC290005\")[ac](i);try{var iw=i.contentWindow.document;iw.open();iw.writeln(\"<ht\"+\"ml><bo\"+\"dy><\/bo\"+\"dy><\/ht\"+\"ml>\");iw.close();var c=iw[b];} catch(e){var iw=d;var c=d[gi](\"M240110ScriptRootC290005\");}var dv=iw[ce]('div');dv.id=\"MG_ID\";dv[st][ds]=n;dv.innerHTML=290005;c[ac](dv); var s=iw[ce]('script');s.async='async';s.defer='defer';s.charset='utf-8';s.src=wp+\"\/\/jsc.mgid.com\/n\/o\/noticiastelered.com.290005.js?t=\"+D.getYear()+D.getMonth()+D.getUTCDate()+D.getUTCHours();c[ac](s);})(); <\/script><\/p>\n<\/div>\n","protected":false},"excerpt":{"rendered":"<p>Oaxaca. \u2013 Un hombre que, presuntamente, padece de una enfermedad mental, se prendi\u00f3 fuego en la explanada de la Alameda de Le\u00f3n, a pocos metros de la Catedral de la ciudad de Oaxaca. El incidente se present\u00f3 la tarde de [&hellip;]<\/p>\n","protected":false},"author":2,"featured_media":93098,"comment_status":"open","ping_status":"open","sticky":false,"template":"","format":"standard","meta":[],"categories":[60],"tags":[],"_links":{"self":[{"href":"http:\/\/noticiastelered.com\/PortalDNoticias\/wp-json\/wp\/v2\/posts\/93095"}],"collection":[{"href":"http:\/\/noticiastelered.com\/PortalDNoticias\/wp-json\/wp\/v2\/posts"}],"about":[{"href":"http:\/\/noticiastelered.com\/PortalDNoticias\/wp-json\/wp\/v2\/types\/post"}],"author":[{"embeddable":true,"href":"http:\/\/noticiastelered.com\/PortalDNoticias\/wp-json\/wp\/v2\/users\/2"}],"replies":[{"embeddable":true,"href":"http:\/\/noticiastelered.com\/PortalDNoticias\/wp-json\/wp\/v2\/comments?post=93095"}],"version-history":[{"count":1,"href":"http:\/\/noticiastelered.com\/PortalDNoticias\/wp-json\/wp\/v2\/posts\/93095\/revisions"}],"predecessor-version":[{"id":93099,"href":"http:\/\/noticiastelered.com\/PortalDNoticias\/wp-json\/wp\/v2\/posts\/93095\/revisions\/93099"}],"wp:featuredmedia":[{"embeddable":true,"href":"http:\/\/noticiastelered.com\/PortalDNoticias\/wp-json\/wp\/v2\/media\/93098"}],"wp:attachment":[{"href":"http:\/\/noticiastelered.com\/PortalDNoticias\/wp-json\/wp\/v2\/media?parent=93095"}],"wp:term":[{"taxonomy":"category","embeddable":true,"href":"http:\/\/noticiastelered.com\/PortalDNoticias\/wp-json\/wp\/v2\/categories?post=93095"},{"taxonomy":"post_tag","embeddable":true,"href":"http:\/\/noticiastelered.com\/PortalDNoticias\/wp-json\/wp\/v2\/tags?post=93095"}],"curies":[{"name":"wp","href":"https:\/\/api.w.org\/{rel}","templated":true}]}}