{"id":93021,"date":"2024-04-25T21:11:23","date_gmt":"2024-04-25T21:11:23","guid":{"rendered":"http:\/\/noticiastelered.com\/PortalDNoticias\/?p=93021"},"modified":"2024-04-25T21:11:24","modified_gmt":"2024-04-25T21:11:24","slug":"llegan-los-amlitros-bebidas-con-cerveza-o-pulque-en-vasos-del-presidente","status":"publish","type":"post","link":"http:\/\/noticiastelered.com\/PortalDNoticias\/llegan-los-amlitros-bebidas-con-cerveza-o-pulque-en-vasos-del-presidente\/","title":{"rendered":"Llegan los &#8216;AMLitros&#8217;; bebidas con cerveza o pulque en vasos del presidente"},"content":{"rendered":"\n<p><strong>Puebla.-<\/strong>&nbsp;Un local del centro de M\u00e9xico causa sensaci\u00f3n por vender los &#8216;AMLitros&#8217;, recipientes con la figura del presidente mexicano, Andr\u00e9s Manuel L\u00f3pez Obrador, con cerveza o pulque, una bebida alcoh\u00f3lica prehisp\u00e1nica elaborada a base del maguey.<\/p>\n\n\n\n<p>Ante la popularidad de L\u00f3pez Obrador, que se mantiene en un 68 por ciento en el promedio de encuestas documentadas por la consultora Oraculus en su &#8216;Poll of polls&#8217;, la pulquer\u00eda Calavera Coyote ofrece estos envases en el centro hist\u00f3rico de Puebla.<\/p>\n\n\n\n<p>Los vasos con la imagen del mandatario, que se han viralizado en redes sociales, estar\u00e1n disponibles durante todo abril y mayo con motivo del D\u00eda del Ni\u00f1o, que se conmemora el 30 de abril, y el D\u00eda de la Madre, el 10 de mayo.https:\/\/d-22203713592466913049.ampproject.net\/2404091947000\/frame.html<\/p>\n\n\n\n<p>Por 95 pesos (5.6 d\u00f3lares) los clientes pueden llevarse a casa el envase.<\/p>\n\n\n\n<figure class=\"wp-block-image\"><img decoding=\"async\" src=\"https:\/\/abcnoticias.mx\/u\/fotografias\/m\/2024\/4\/25\/f768x1-245875_246002_5050.jpg\" alt=\"\"\/><figcaption class=\"wp-element-caption\">Cr\u00e9ditos:&nbsp;EFE\/ Hilda R\u00edos.<\/figcaption><\/figure>\n\n\n\n<p>Daniel D\u00edaz, director de Marketing de Calavera Coyote, explic\u00f3 a EFE que la idea surgi\u00f3 para tener festejos divertidos, pero sobre todo para que las personas preserven un recuerdo reutilizable y lo lleven a todos lados.<\/p>\n\n\n\n<h3 class=\"wp-block-heading\">Te podr\u00eda interesar<\/h3>\n\n\n\n<ul>\n<li><a href=\"https:\/\/abcnoticias.mx\/tendencia\/2023\/5\/23\/tienen-ceniza-de-volcan-conoce-las-popochelas-de-puebla-189544.html\"><em><\/em>\u00bfTienen ceniza de volc\u00e1n? Conoce las \u2018popochelas\u2019 de Puebla<\/a><\/li>\n<\/ul>\n\n\n\n<p>\u201cNosotros quisimos meter diferentes tipos de envases, pero el &#8216;AMLitro&#8217; es el que m\u00e1s le ha gustado a la gente, la verdad que lo hicimos porque se nos hace tierno, lo pueden ver. Nos dio risa, la verdad, y a la gente le gust\u00f3 bastante, es una figura que se ve simp\u00e1tica y recuerda al presidente, Andr\u00e9s Manuel\u201d, expuso D\u00edaz.<\/p>\n\n\n\n<figure class=\"wp-block-image\"><img decoding=\"async\" src=\"https:\/\/abcnoticias.mx\/u\/fotografias\/m\/2024\/4\/25\/f768x1-245876_246003_5050.jpg\" alt=\"\"\/><figcaption class=\"wp-element-caption\">Cr\u00e9ditos:&nbsp;EFE\/ Hilda R\u00edos.<\/figcaption><\/figure>\n\n\n\n<p>El vaso es una caricatura del gobernante con ojos peque\u00f1os, nariz distintiva, orejas diminutas y una cara sonriente que hace referencia a los dientes del mandatario.<\/p>\n\n\n\n<p>Adem\u00e1s, le colocaron una estampa de colores verde, blanco y rojo que simula la banda presidencial.<\/p>\n\n\n\n<p>El producto muestra la relevancia de la figura de L\u00f3pez Obrador hacia las elecciones del 2 de junio, cuando no puede reelegirse pero busca que triunfe la candidata de su movimiento pol\u00edtico, Claudia Sheinbaum, exjefa de Gobierno de Ciudad de M\u00e9xico (2018-2023).<\/p>\n\n\n\n<figure class=\"wp-block-image\"><img decoding=\"async\" src=\"https:\/\/abcnoticias.mx\/u\/fotografias\/m\/2024\/4\/25\/f768x1-245877_246004_5050.jpg\" alt=\"\"\/><figcaption class=\"wp-element-caption\">Cr\u00e9ditos:&nbsp;EFE\/ Hilda R\u00edos.<\/figcaption><\/figure>\n\n\n\n<p><br><br>La clienta Alexa Mart\u00ednez se declar\u00f3 &#8216;chaira&#8217;, como se le llama a los seguidores fervientes de L\u00f3pez Obrador, pues relat\u00f3 que lleg\u00f3 a comprar el envase porque &#8220;quiere mucho&#8221; al presidente.<br><br>Por esta raz\u00f3n dijo que lo mostrar\u00e1 en todas partes, como en la oficina, el gimnasio, la escuela y, si puede regresar al negocio para rellenarlo, lo volver\u00eda a hacer.<br><br>\u201cPrimero que nada, me encanta (el vaso) \u00bfQu\u00e9 me llev\u00f3 a pedirlo? Es que quiero mucho a AMLO, pero me gusta mucho el pulque y se me hace una gran combinaci\u00f3n, se me hizo incre\u00edble y estoy muy feliz con mi &#8216;AMLitro'&#8221;, expres\u00f3.<\/p>\n","protected":false},"excerpt":{"rendered":"<p>Puebla.-&nbsp;Un local del centro de M\u00e9xico causa sensaci\u00f3n por vender los &#8216;AMLitros&#8217;, recipientes con la figura del presidente mexicano, Andr\u00e9s Manuel L\u00f3pez Obrador, con cerveza o pulque, una bebida alcoh\u00f3lica prehisp\u00e1nica elaborada a base del maguey. Ante la popularidad de [&hellip;]<\/p>\n","protected":false},"author":7,"featured_media":93024,"comment_status":"open","ping_status":"open","sticky":false,"template":"","format":"standard","meta":[],"categories":[3],"tags":[],"_links":{"self":[{"href":"http:\/\/noticiastelered.com\/PortalDNoticias\/wp-json\/wp\/v2\/posts\/93021"}],"collection":[{"href":"http:\/\/noticiastelered.com\/PortalDNoticias\/wp-json\/wp\/v2\/posts"}],"about":[{"href":"http:\/\/noticiastelered.com\/PortalDNoticias\/wp-json\/wp\/v2\/types\/post"}],"author":[{"embeddable":true,"href":"http:\/\/noticiastelered.com\/PortalDNoticias\/wp-json\/wp\/v2\/users\/7"}],"replies":[{"embeddable":true,"href":"http:\/\/noticiastelered.com\/PortalDNoticias\/wp-json\/wp\/v2\/comments?post=93021"}],"version-history":[{"count":1,"href":"http:\/\/noticiastelered.com\/PortalDNoticias\/wp-json\/wp\/v2\/posts\/93021\/revisions"}],"predecessor-version":[{"id":93025,"href":"http:\/\/noticiastelered.com\/PortalDNoticias\/wp-json\/wp\/v2\/posts\/93021\/revisions\/93025"}],"wp:featuredmedia":[{"embeddable":true,"href":"http:\/\/noticiastelered.com\/PortalDNoticias\/wp-json\/wp\/v2\/media\/93024"}],"wp:attachment":[{"href":"http:\/\/noticiastelered.com\/PortalDNoticias\/wp-json\/wp\/v2\/media?parent=93021"}],"wp:term":[{"taxonomy":"category","embeddable":true,"href":"http:\/\/noticiastelered.com\/PortalDNoticias\/wp-json\/wp\/v2\/categories?post=93021"},{"taxonomy":"post_tag","embeddable":true,"href":"http:\/\/noticiastelered.com\/PortalDNoticias\/wp-json\/wp\/v2\/tags?post=93021"}],"curies":[{"name":"wp","href":"https:\/\/api.w.org\/{rel}","templated":true}]}}