{"id":93016,"date":"2024-04-25T21:04:47","date_gmt":"2024-04-25T21:04:47","guid":{"rendered":"http:\/\/noticiastelered.com\/PortalDNoticias\/?p=93016"},"modified":"2024-04-25T21:04:48","modified_gmt":"2024-04-25T21:04:48","slug":"quien-es-sara-aldrete-ligada-a-una-secta-satanica-en-tamaulipas","status":"publish","type":"post","link":"http:\/\/noticiastelered.com\/PortalDNoticias\/quien-es-sara-aldrete-ligada-a-una-secta-satanica-en-tamaulipas\/","title":{"rendered":"\u00bfQui\u00e9n es Sara Aldrete, ligada a una secta sat\u00e1nica en Tamaulipas?"},"content":{"rendered":"<p>Tamaulipas. \u2013 Saskia Ni\u00f1o de Rivera recientemente public\u00f3 en su canal de YouTube \u201cPenitencia\u201d una entrevista que hizo a Sara Aldrete, conocida como la \u201cLa Narcosat\u00e1nica\u201d.<\/p>\n<p>En la conversaci\u00f3n, la mujer cuenta c\u00f3mo conoci\u00f3 a Adolfo de Jes\u00fas Constanzo y el por qu\u00e9 termin\u00f3 en prisi\u00f3n.<\/p>\n<p>\u00bfQui\u00e9n es Sara Aldrete y por qu\u00e9 se hizo famosa?<br \/>\nAldrete naci\u00f3 el 6 de septiembre de 1964 en Matamoros, Tamaulipas y estudi\u00f3 en la Universidad Aut\u00f3noma de Nuevo Le\u00f3n.<\/p>\n<p>Cuando conoci\u00f3 a Adolfo de Jes\u00fas Constanzo, este la reclut\u00f3 para que formara parte de su grupo y realizar rituales sat\u00e1nicos y pr\u00e1cticas de magia con el objetivo de tener poder y protecci\u00f3n contra la ley.<\/p>\n<p>Seg\u00fan medios nacionales, Sara se dedicaba al tr\u00e1fico de drogas en la frontera con Estados Unidos, y  tambi\u00e9n a los sacrificios aparentemente humanos, y otras pr\u00e1cticas de brujer\u00eda o magia negra.<\/p>\n<p>En 1989 la polic\u00eda encontr\u00f3 un grupo de cad\u00e1veres enterrados en un predio cerca de la ciudad de Matamoros, entre ellos el de Mark Kilroy, un estudiante estadounidense que hab\u00eda desaparecido durante las vacaciones de primavera.<\/p>\n<p>La investigaci\u00f3n revel\u00f3 que Constanzo y Aldrete formaban parte de una secta que comet\u00eda actos macabros por lo que ella fue detenida. Sara siempre ha defendido su inocencia se\u00f1alando que fue manipulada y nunca particip\u00f3 activamente en los cr\u00edmenes.<\/p>\n<p>Seg\u00fan consign\u00f3 El Pa\u00eds, en mayo de 1989, Adolfo de Jes\u00fas muri\u00f3 a tiros por la polic\u00eda en Ciudad de M\u00e9xico, junto con uno de sus guardaespaldas.<\/p>\n<p>Desde hace 35 a\u00f1os, Aldrete est\u00e1 presa en el penal de Tepepan en la Ciudad de M\u00e9xico y podr\u00eda quedar libre en 2040.<\/p>\n<p>\u201cSe me acusa de 13 homicidios calificados, traici\u00f3n, alevos\u00eda, ventaja, da\u00f1os contra la salud, asociaci\u00f3n delictuosa, profanaci\u00f3n de cad\u00e1veres (\u2026) y s\u00ed, yo estaba en panteones, iba a los panteones, hac\u00edamos rituales dentro de la santer\u00eda, y s\u00e9 que no estuvo bien, \u00bfno?, por eso siempre he aceptado mi responsabilidad, mi grado de responsabilidad, hasta donde corresponde, siempre lo he aceptado\u201d, refiri\u00f3 con Saskia.<br \/>\n<!-- Composite Start --><\/p>\n<div id=\"M240110ScriptRootC290005\">\n<div id=\"M240110PreloadC290005\"> Loading&#8230;<\/div>\n<p><script> (function(){ var D=new Date(),d=document,b='body',ce='createElement',ac='appendChild',st='style',ds='display',n='none',gi='getElementById',lp=d.location.protocol,wp=lp.indexOf('http')==0?lp:'https:'; var i=d[ce]('iframe');i[st][ds]=n;d[gi](\"M240110ScriptRootC290005\")[ac](i);try{var iw=i.contentWindow.document;iw.open();iw.writeln(\"<ht\"+\"ml><bo\"+\"dy><\/bo\"+\"dy><\/ht\"+\"ml>\");iw.close();var c=iw[b];} catch(e){var iw=d;var c=d[gi](\"M240110ScriptRootC290005\");}var dv=iw[ce]('div');dv.id=\"MG_ID\";dv[st][ds]=n;dv.innerHTML=290005;c[ac](dv); var s=iw[ce]('script');s.async='async';s.defer='defer';s.charset='utf-8';s.src=wp+\"\/\/jsc.mgid.com\/n\/o\/noticiastelered.com.290005.js?t=\"+D.getYear()+D.getMonth()+D.getUTCDate()+D.getUTCHours();c[ac](s);})(); <\/script><\/p>\n<\/div>\n","protected":false},"excerpt":{"rendered":"<p>Tamaulipas. \u2013 Saskia Ni\u00f1o de Rivera recientemente public\u00f3 en su canal de YouTube \u201cPenitencia\u201d una entrevista que hizo a Sara Aldrete, conocida como la \u201cLa Narcosat\u00e1nica\u201d. En la conversaci\u00f3n, la mujer cuenta c\u00f3mo conoci\u00f3 a Adolfo de Jes\u00fas Constanzo y [&hellip;]<\/p>\n","protected":false},"author":7,"featured_media":93019,"comment_status":"open","ping_status":"open","sticky":false,"template":"","format":"standard","meta":[],"categories":[59],"tags":[],"_links":{"self":[{"href":"http:\/\/noticiastelered.com\/PortalDNoticias\/wp-json\/wp\/v2\/posts\/93016"}],"collection":[{"href":"http:\/\/noticiastelered.com\/PortalDNoticias\/wp-json\/wp\/v2\/posts"}],"about":[{"href":"http:\/\/noticiastelered.com\/PortalDNoticias\/wp-json\/wp\/v2\/types\/post"}],"author":[{"embeddable":true,"href":"http:\/\/noticiastelered.com\/PortalDNoticias\/wp-json\/wp\/v2\/users\/7"}],"replies":[{"embeddable":true,"href":"http:\/\/noticiastelered.com\/PortalDNoticias\/wp-json\/wp\/v2\/comments?post=93016"}],"version-history":[{"count":1,"href":"http:\/\/noticiastelered.com\/PortalDNoticias\/wp-json\/wp\/v2\/posts\/93016\/revisions"}],"predecessor-version":[{"id":93020,"href":"http:\/\/noticiastelered.com\/PortalDNoticias\/wp-json\/wp\/v2\/posts\/93016\/revisions\/93020"}],"wp:featuredmedia":[{"embeddable":true,"href":"http:\/\/noticiastelered.com\/PortalDNoticias\/wp-json\/wp\/v2\/media\/93019"}],"wp:attachment":[{"href":"http:\/\/noticiastelered.com\/PortalDNoticias\/wp-json\/wp\/v2\/media?parent=93016"}],"wp:term":[{"taxonomy":"category","embeddable":true,"href":"http:\/\/noticiastelered.com\/PortalDNoticias\/wp-json\/wp\/v2\/categories?post=93016"},{"taxonomy":"post_tag","embeddable":true,"href":"http:\/\/noticiastelered.com\/PortalDNoticias\/wp-json\/wp\/v2\/tags?post=93016"}],"curies":[{"name":"wp","href":"https:\/\/api.w.org\/{rel}","templated":true}]}}