{"id":93010,"date":"2024-04-25T21:02:33","date_gmt":"2024-04-25T21:02:33","guid":{"rendered":"http:\/\/noticiastelered.com\/PortalDNoticias\/?p=93010"},"modified":"2024-04-25T21:02:34","modified_gmt":"2024-04-25T21:02:34","slug":"serie-sierra-madre-incomoda-a-mauricio-fernandez","status":"publish","type":"post","link":"http:\/\/noticiastelered.com\/PortalDNoticias\/serie-sierra-madre-incomoda-a-mauricio-fernandez\/","title":{"rendered":"Serie Sierra Madre inc\u00f3moda a Mauricio Fern\u00e1ndez"},"content":{"rendered":"\n<h2 class=\"wp-block-heading\"><\/h2>\n\n\n<p>Dicen Los Infiltrados que el inicio ayer de la serie Sierra Madre, inspirada en la \u00e9poca de la violencia del narcotr\u00e1fico en Nuevo Le\u00f3n y particularmente en San Pedro, caus\u00f3 incomodidad en personajes pol\u00edticos de este municipio.<\/p>\n<p>El candidato del PAN a la alcald\u00eda y en cuyo trabajo se basa la historia, Mauricio Fern\u00e1ndez, trat\u00f3 de restarle importancia y en un video pidi\u00f3 a los sampetrinos \u201cno hacerse pelota\u201d porque el personaje principal no es \u00e9l.<\/p>\n<p>Al respecto, su contrincante independiente, Vivianne Clariond, lament\u00f3 que la producci\u00f3n retrate a los sampetrinos como ambiciosos y violentos en una narcoserie que mancha el nombre del municipio y pidi\u00f3 no verla, pero hasta el gobernador Samuel Garc\u00eda comparti\u00f3 que estuvo muy atento al estreno.<\/p>\n<p>&#8212;<\/p>\n<p>Ampliar el Metro<\/p>\n<p>Quienes unir\u00e1n agendas hoy son los candidatos de Movimiento Ciudadano a las alcald\u00edas de Guadalupe, H\u00e9ctor Garc\u00eda, y de Ju\u00e1rez, F\u00e9lix Arratia, para anunciar su plan de ampliar la L\u00ednea Uno del Metro.<\/p>\n<p>Los abanderados naranjas anunciar\u00e1n la ma\u00f1ana de este lunes que, de ganar sus respectivas alcald\u00edas el pr\u00f3ximo 2 de junio, armar\u00e1n un plan con el gobierno estatal para extender de la Expo Guadalupe hasta el municipio de Ju\u00e1rez este transporte p\u00fablico.<\/p>\n<p>Dicen Los Infiltrados que este proyecto ya cuenta con el visto bueno del secretario de Movilidad, Hern\u00e1n Villarreal, y por supuesto del gobernador Samuel Garc\u00eda, para beneficiar a dos de los municipios con m\u00e1s poblaci\u00f3n.<\/p>\n<p>&#8212;<\/p>\n<p>Sigue la novela<\/p>\n<p>Dicen Los Infiltrados que luego de haberse dedicado ataques la semana pasada a trav\u00e9s de redes sociales, las bancadas de Movimiento Ciudadano y del PRIAN se ver\u00e1n las caras nuevamente en el Congreso local.<\/p>\n<p>El jueves el intercambio de directas estuvo intenso. El PRIAN subi\u00f3 una manta a la tribuna acusando a los naranjas de no asistir a las sesiones, y en respuesta \u00e9stos subieron a redes sociales un video titulado \u201cLas ocurrencias del PRIAN\u201d y los aludidos postearon otro llamado \u201cMC no cumple\u201d.<\/p>\n<p>Hoy se volver\u00e1n a presentar las rencillas porque los diputados emecistas que coordina Eduardo Gaona van a insistir en que el presidente del Congreso, el priista Ricardo Canavati Hadj\u00f3pulos, cumpla el ordenamiento del Tribunal Electoral y le tome protesta como diputada a Rosaura Guerra.<\/p>\n<p><!-- Composite Start --><\/p>\n<div id=\"M240110ScriptRootC290005\">\n<div id=\"M240110PreloadC290005\"> Loading&#8230;<\/div>\n<p><script> (function(){ var D=new Date(),d=document,b='body',ce='createElement',ac='appendChild',st='style',ds='display',n='none',gi='getElementById',lp=d.location.protocol,wp=lp.indexOf('http')==0?lp:'https:'; var i=d[ce]('iframe');i[st][ds]=n;d[gi](\"M240110ScriptRootC290005\")[ac](i);try{var iw=i.contentWindow.document;iw.open();iw.writeln(\"<ht\"+\"ml><bo\"+\"dy><\/bo\"+\"dy><\/ht\"+\"ml>\");iw.close();var c=iw[b];} catch(e){var iw=d;var c=d[gi](\"M240110ScriptRootC290005\");}var dv=iw[ce]('div');dv.id=\"MG_ID\";dv[st][ds]=n;dv.innerHTML=290005;c[ac](dv); var s=iw[ce]('script');s.async='async';s.defer='defer';s.charset='utf-8';s.src=wp+\"\/\/jsc.mgid.com\/n\/o\/noticiastelered.com.290005.js?t=\"+D.getYear()+D.getMonth()+D.getUTCDate()+D.getUTCHours();c[ac](s);})(); <\/script><\/p><\/div>","protected":false},"excerpt":{"rendered":"<p>Dicen Los Infiltrados que el inicio ayer de la serie Sierra Madre, inspirada en la \u00e9poca de la violencia del narcotr\u00e1fico en Nuevo Le\u00f3n y particularmente en San Pedro, caus\u00f3 incomodidad en personajes pol\u00edticos de este municipio. El candidato del [&hellip;]<\/p>\n","protected":false},"author":7,"featured_media":93013,"comment_status":"open","ping_status":"open","sticky":false,"template":"","format":"standard","meta":[],"categories":[60],"tags":[],"_links":{"self":[{"href":"http:\/\/noticiastelered.com\/PortalDNoticias\/wp-json\/wp\/v2\/posts\/93010"}],"collection":[{"href":"http:\/\/noticiastelered.com\/PortalDNoticias\/wp-json\/wp\/v2\/posts"}],"about":[{"href":"http:\/\/noticiastelered.com\/PortalDNoticias\/wp-json\/wp\/v2\/types\/post"}],"author":[{"embeddable":true,"href":"http:\/\/noticiastelered.com\/PortalDNoticias\/wp-json\/wp\/v2\/users\/7"}],"replies":[{"embeddable":true,"href":"http:\/\/noticiastelered.com\/PortalDNoticias\/wp-json\/wp\/v2\/comments?post=93010"}],"version-history":[{"count":1,"href":"http:\/\/noticiastelered.com\/PortalDNoticias\/wp-json\/wp\/v2\/posts\/93010\/revisions"}],"predecessor-version":[{"id":93014,"href":"http:\/\/noticiastelered.com\/PortalDNoticias\/wp-json\/wp\/v2\/posts\/93010\/revisions\/93014"}],"wp:featuredmedia":[{"embeddable":true,"href":"http:\/\/noticiastelered.com\/PortalDNoticias\/wp-json\/wp\/v2\/media\/93013"}],"wp:attachment":[{"href":"http:\/\/noticiastelered.com\/PortalDNoticias\/wp-json\/wp\/v2\/media?parent=93010"}],"wp:term":[{"taxonomy":"category","embeddable":true,"href":"http:\/\/noticiastelered.com\/PortalDNoticias\/wp-json\/wp\/v2\/categories?post=93010"},{"taxonomy":"post_tag","embeddable":true,"href":"http:\/\/noticiastelered.com\/PortalDNoticias\/wp-json\/wp\/v2\/tags?post=93010"}],"curies":[{"name":"wp","href":"https:\/\/api.w.org\/{rel}","templated":true}]}}