{"id":93005,"date":"2024-04-25T20:53:05","date_gmt":"2024-04-25T20:53:05","guid":{"rendered":"http:\/\/noticiastelered.com\/PortalDNoticias\/?p=93005"},"modified":"2024-04-25T20:53:07","modified_gmt":"2024-04-25T20:53:07","slug":"victima-de-fofo-marquez-tambien-demandaria-a-la-novia-del-influencer","status":"publish","type":"post","link":"http:\/\/noticiastelered.com\/PortalDNoticias\/victima-de-fofo-marquez-tambien-demandaria-a-la-novia-del-influencer\/","title":{"rendered":"V\u00edctima de &#8216;Fofo&#8217; M\u00e1rquez tambi\u00e9n demandar\u00eda a la novia del influencer"},"content":{"rendered":"<p>M\u00e9xico.- El pol\u00e9mico caso de &#8216;Fofo&#8217; M\u00e1rquez, tiktoker que fue vinculado a proceso por golpear a una a mujer, tras verse involucrado en un incidente automovil\u00edstico, sigue dando de qu\u00e9 hablar.<\/p>\n<p>Ahora la v\u00edctima, quien es identificada como Edith &#8220;N&#8221;, dio a conocer durante una entrevista concedida al programa de &#8216;Sale el Sol&#8217; que pretende emprender acciones legales en contra de Melanie Lattanzi, novia del influencer.<\/p>\n<p>Pese a que destac\u00f3 que es una decisi\u00f3n precipitada, Edith &#8220;N&#8221;, coment\u00f3 que consultar\u00e1 con su equipo legal, para determinar si procede una denuncia en contra de Lattanzi.<\/p>\n<p>&#8220;F\u00edjate que lo quiero hacer, tal vez ahorita es muy prematuro, pero f\u00edjate que si lo voy a hablar con los abogados&#8221;, se\u00f1al\u00f3.<\/p>\n<p>&#8220;Como te comento, yo no tengo abogados particulares, son de la fiscal\u00eda, pero si lo voy a tratar de checar y ver si procede algo para poder tambi\u00e9n proceder contra ella&#8221;, a\u00f1adi\u00f3.<\/p>\n<p>Lo anterior, debido a que Melanie no hizo nada por detener al tiktoker, destacando que la agresi\u00f3n pudo haberse evitado si la tambi\u00e9n influencer se hubiera comportado de otra manera.<\/p>\n<p>&#8220;Cr\u00e9eme que yo creo que esto tal vez se pudo haber evitado si tal vez ella se hubiera comportado de otra manera&#8221;.<\/p>\n<p>La mujer afectada tambi\u00e9n dio a conocer que nadie se ha hecho cargo de los gastos m\u00e9dicos que ella misma ha tenido que pagar por la golpiza que sufri\u00f3 por parte del creador de contenido, incluso destac\u00f3 que ni los representantes legales de M\u00e1rquez se han comunicado con ella para tratar dicho tema.<\/p>\n<p>El conductor de televisi\u00f3n, Gustavo Adolfo Infante, dijo que Melanie Lattanzi habr\u00eda incitado a Rodolfdo &#8220;N&#8221; a reclamarle a Edith por el incidente del espejo.<\/p>\n<p>&#8220;Me platicaba (Edtih) que cuando llega Fofo este cuate no se hab\u00eda dado cuenta ni de lo que hab\u00eda pasado y la novia es la que le calienta la cabeza &#8216;esa se\u00f1ora nos peg\u00f3 y se quiere pelar no dejes&#8217;, entonces ese cuate va y le pega, (ella) ve que la golpea y no hace nada despu\u00e9s de eso ella es la que maneja el carro y se da a la fuga. Yo creo que hay varias agravantes, yo creo que si hay una complicidad de esta se\u00f1orita&#8221;.<br \/>\n<!-- Composite Start --><\/p>\n<div id=\"M240110ScriptRootC290005\">\n<div id=\"M240110PreloadC290005\"> Loading&#8230;<\/div>\n<p><script> (function(){ var D=new Date(),d=document,b='body',ce='createElement',ac='appendChild',st='style',ds='display',n='none',gi='getElementById',lp=d.location.protocol,wp=lp.indexOf('http')==0?lp:'https:'; var i=d[ce]('iframe');i[st][ds]=n;d[gi](\"M240110ScriptRootC290005\")[ac](i);try{var iw=i.contentWindow.document;iw.open();iw.writeln(\"<ht\"+\"ml><bo\"+\"dy><\/bo\"+\"dy><\/ht\"+\"ml>\");iw.close();var c=iw[b];} catch(e){var iw=d;var c=d[gi](\"M240110ScriptRootC290005\");}var dv=iw[ce]('div');dv.id=\"MG_ID\";dv[st][ds]=n;dv.innerHTML=290005;c[ac](dv); var s=iw[ce]('script');s.async='async';s.defer='defer';s.charset='utf-8';s.src=wp+\"\/\/jsc.mgid.com\/n\/o\/noticiastelered.com.290005.js?t=\"+D.getYear()+D.getMonth()+D.getUTCDate()+D.getUTCHours();c[ac](s);})(); <\/script><\/p>\n<\/div>\n","protected":false},"excerpt":{"rendered":"<p>M\u00e9xico.- El pol\u00e9mico caso de &#8216;Fofo&#8217; M\u00e1rquez, tiktoker que fue vinculado a proceso por golpear a una a mujer, tras verse involucrado en un incidente automovil\u00edstico, sigue dando de qu\u00e9 hablar. Ahora la v\u00edctima, quien es identificada como Edith &#8220;N&#8221;, [&hellip;]<\/p>\n","protected":false},"author":2,"featured_media":93008,"comment_status":"open","ping_status":"open","sticky":false,"template":"","format":"standard","meta":[],"categories":[60],"tags":[],"_links":{"self":[{"href":"http:\/\/noticiastelered.com\/PortalDNoticias\/wp-json\/wp\/v2\/posts\/93005"}],"collection":[{"href":"http:\/\/noticiastelered.com\/PortalDNoticias\/wp-json\/wp\/v2\/posts"}],"about":[{"href":"http:\/\/noticiastelered.com\/PortalDNoticias\/wp-json\/wp\/v2\/types\/post"}],"author":[{"embeddable":true,"href":"http:\/\/noticiastelered.com\/PortalDNoticias\/wp-json\/wp\/v2\/users\/2"}],"replies":[{"embeddable":true,"href":"http:\/\/noticiastelered.com\/PortalDNoticias\/wp-json\/wp\/v2\/comments?post=93005"}],"version-history":[{"count":1,"href":"http:\/\/noticiastelered.com\/PortalDNoticias\/wp-json\/wp\/v2\/posts\/93005\/revisions"}],"predecessor-version":[{"id":93009,"href":"http:\/\/noticiastelered.com\/PortalDNoticias\/wp-json\/wp\/v2\/posts\/93005\/revisions\/93009"}],"wp:featuredmedia":[{"embeddable":true,"href":"http:\/\/noticiastelered.com\/PortalDNoticias\/wp-json\/wp\/v2\/media\/93008"}],"wp:attachment":[{"href":"http:\/\/noticiastelered.com\/PortalDNoticias\/wp-json\/wp\/v2\/media?parent=93005"}],"wp:term":[{"taxonomy":"category","embeddable":true,"href":"http:\/\/noticiastelered.com\/PortalDNoticias\/wp-json\/wp\/v2\/categories?post=93005"},{"taxonomy":"post_tag","embeddable":true,"href":"http:\/\/noticiastelered.com\/PortalDNoticias\/wp-json\/wp\/v2\/tags?post=93005"}],"curies":[{"name":"wp","href":"https:\/\/api.w.org\/{rel}","templated":true}]}}