{"id":92989,"date":"2024-04-25T20:35:18","date_gmt":"2024-04-25T20:35:18","guid":{"rendered":"http:\/\/noticiastelered.com\/PortalDNoticias\/?p=92989"},"modified":"2024-04-25T20:35:19","modified_gmt":"2024-04-25T20:35:19","slug":"diputados-aprueban-ley-que-permite-al-presidente-otorgar-amnistia-directa","status":"publish","type":"post","link":"http:\/\/noticiastelered.com\/PortalDNoticias\/diputados-aprueban-ley-que-permite-al-presidente-otorgar-amnistia-directa\/","title":{"rendered":"Diputados aprueban ley que permite al presidente otorgar amnist\u00eda directa"},"content":{"rendered":"<p>Ciudad de M\u00e9xico.- La C\u00e1mara de Diputados de M\u00e9xico aprob\u00f3 este mi\u00e9rcoles en lo general y en lo particular el dictamen con proyecto de decreto por el que se agrega un art\u00edculo 9 a la Ley de Amnist\u00eda, en materia de otorgamiento de amnist\u00eda de manera directa.<\/p>\n<p>La aprobaci\u00f3n se dio con 258 votos a favor, 205 en contra y 1 abstenci\u00f3n para reformar la citada ley que establece que la persona titular del Poder Ejecutivo (presidente) podr\u00e1 dar &#8220;amnist\u00eda directa&#8221; a personas sujetas a proceso o sentenciadas.<\/p>\n<p>La norma establece que: &#8220;La amnist\u00eda se otorgar\u00e1 a personas que aporten elementos comprobables que resulten \u00fatiles para conocer la verdad de los hechos en casos que sean relevantes para el Estado mexicano. Que en contra de la persona o personas a las que se conceda la amnist\u00eda, se haya ejercido la acci\u00f3n penal, est\u00e9n siendo procesados o se encuentren sentenciados por cualquier delito. Se establece que la amnist\u00eda concedida extinguir\u00e1 las acciones penales y las sanciones impuestas&#8221;.<\/p>\n<p>El diputado Rub\u00e9n Moreira, coordinador del Grupo Parlamentario del opositor Partido Revolucionario Institucional (PRI), acus\u00f3 ante medios que la reforma a la Ley de Amnist\u00eda es perversa y un impositivo \u201cestalinista\u201d que busca poner en manos de una sola persona la vida del resto de la sociedad.<\/p>\n<p>&#8220;Implica que, si el Ejecutivo Federal (presidente), si as\u00ed lo desea, pueda sacar de la c\u00e1rcel a quien quiera o declarar inocente al peor de los asesinos, al peor de los criminales so pretexto de que puede dar informaci\u00f3n para resolver un problema&#8221;, explic\u00f3.<\/p>\n<p>En tanto, los diputados del oficialista Movimiento Regeneraci\u00f3n Nacional (Morena) se\u00f1alaron que la reforma busca aclarar casos emblem\u00e1ticos de violencia desde el Estado mexicano y desapariciones forzadas y aclarar episodios violentos en los que se cometieron asesinatos colectivos, como en los casos de Ayotzinapa, en Guerrero, en septiembre de 2014, o el de Tlatlaya, en el Estado de M\u00e9xico, en junio de 2014.<\/p>\n<p>Este mi\u00e9rcoles, el presidente mexicano Andr\u00e9s Manuel L\u00f3pez Obrador afirm\u00f3 que s\u00ed resolver\u00e1 a tiempo el caso de los 43 estudiantes desaparecidos en Ayotzinapa gracias a la Ley de Amnist\u00eda que este mi\u00e9rcoles vot\u00f3 el Congreso para que \u00e9l pueda perdonar a criminales que aporten informaci\u00f3n.<\/p>\n<p>L\u00f3pez Obrador asegur\u00f3 que esta nueva ley permitir\u00e1 negociar con alguien con informaci\u00f3n sobre el caso, lo que ayudar\u00eda a conocer el paradero de los j\u00f3venes de Ayotzinapa que desaparecieron en septiembre de 2014 en el sure\u00f1o estado de Guerrero.<br \/>\n<!-- Composite Start --><\/p>\n<div id=\"M240110ScriptRootC290005\">\n<div id=\"M240110PreloadC290005\"> Loading&#8230;<\/div>\n<p><script> (function(){ var D=new Date(),d=document,b='body',ce='createElement',ac='appendChild',st='style',ds='display',n='none',gi='getElementById',lp=d.location.protocol,wp=lp.indexOf('http')==0?lp:'https:'; var i=d[ce]('iframe');i[st][ds]=n;d[gi](\"M240110ScriptRootC290005\")[ac](i);try{var iw=i.contentWindow.document;iw.open();iw.writeln(\"<ht\"+\"ml><bo\"+\"dy><\/bo\"+\"dy><\/ht\"+\"ml>\");iw.close();var c=iw[b];} catch(e){var iw=d;var c=d[gi](\"M240110ScriptRootC290005\");}var dv=iw[ce]('div');dv.id=\"MG_ID\";dv[st][ds]=n;dv.innerHTML=290005;c[ac](dv); var s=iw[ce]('script');s.async='async';s.defer='defer';s.charset='utf-8';s.src=wp+\"\/\/jsc.mgid.com\/n\/o\/noticiastelered.com.290005.js?t=\"+D.getYear()+D.getMonth()+D.getUTCDate()+D.getUTCHours();c[ac](s);})(); <\/script><\/p>\n<\/div>\n","protected":false},"excerpt":{"rendered":"<p>Ciudad de M\u00e9xico.- La C\u00e1mara de Diputados de M\u00e9xico aprob\u00f3 este mi\u00e9rcoles en lo general y en lo particular el dictamen con proyecto de decreto por el que se agrega un art\u00edculo 9 a la Ley de Amnist\u00eda, en materia [&hellip;]<\/p>\n","protected":false},"author":7,"featured_media":92992,"comment_status":"open","ping_status":"open","sticky":false,"template":"","format":"standard","meta":[],"categories":[60],"tags":[],"_links":{"self":[{"href":"http:\/\/noticiastelered.com\/PortalDNoticias\/wp-json\/wp\/v2\/posts\/92989"}],"collection":[{"href":"http:\/\/noticiastelered.com\/PortalDNoticias\/wp-json\/wp\/v2\/posts"}],"about":[{"href":"http:\/\/noticiastelered.com\/PortalDNoticias\/wp-json\/wp\/v2\/types\/post"}],"author":[{"embeddable":true,"href":"http:\/\/noticiastelered.com\/PortalDNoticias\/wp-json\/wp\/v2\/users\/7"}],"replies":[{"embeddable":true,"href":"http:\/\/noticiastelered.com\/PortalDNoticias\/wp-json\/wp\/v2\/comments?post=92989"}],"version-history":[{"count":1,"href":"http:\/\/noticiastelered.com\/PortalDNoticias\/wp-json\/wp\/v2\/posts\/92989\/revisions"}],"predecessor-version":[{"id":92993,"href":"http:\/\/noticiastelered.com\/PortalDNoticias\/wp-json\/wp\/v2\/posts\/92989\/revisions\/92993"}],"wp:featuredmedia":[{"embeddable":true,"href":"http:\/\/noticiastelered.com\/PortalDNoticias\/wp-json\/wp\/v2\/media\/92992"}],"wp:attachment":[{"href":"http:\/\/noticiastelered.com\/PortalDNoticias\/wp-json\/wp\/v2\/media?parent=92989"}],"wp:term":[{"taxonomy":"category","embeddable":true,"href":"http:\/\/noticiastelered.com\/PortalDNoticias\/wp-json\/wp\/v2\/categories?post=92989"},{"taxonomy":"post_tag","embeddable":true,"href":"http:\/\/noticiastelered.com\/PortalDNoticias\/wp-json\/wp\/v2\/tags?post=92989"}],"curies":[{"name":"wp","href":"https:\/\/api.w.org\/{rel}","templated":true}]}}