{"id":92984,"date":"2024-04-25T13:21:46","date_gmt":"2024-04-25T13:21:46","guid":{"rendered":"http:\/\/noticiastelered.com\/PortalDNoticias\/?p=92984"},"modified":"2024-04-25T13:21:48","modified_gmt":"2024-04-25T13:21:48","slug":"se-suman-mas-liderazgos-a-campana-de-yahleel-abdala","status":"publish","type":"post","link":"http:\/\/noticiastelered.com\/PortalDNoticias\/se-suman-mas-liderazgos-a-campana-de-yahleel-abdala\/","title":{"rendered":"Se suman m\u00e1s liderazgos a campa\u00f1a de Yahleel Abdala"},"content":{"rendered":"\n<p>NUEVO LAREDO.- A cada paso de su campa\u00f1a pol\u00edtica, Yahleel Abdala Carmona, candidata a la Presidencia Municipal de Nuevo Laredo por la coalici\u00f3n PAN-PRI \u201cFuerza y Coraz\u00f3n por Tamaulipas\u201d, suma voluntades a su proyecto ciudadano.<\/p>\n\n\n\n<p>Este martes se adhiri\u00f3 el ex diputado federal, Salvador \u201cChava\u201d Rosas, durante un mega pegoteo realizado en la Calle Per\u00fa y Avenida Guerrero, a donde tambi\u00e9n acudieron la candidata suplente a la Presidencia Municipal, Laura Z\u00e1rate Quezada, y la candidata a diputada local por el distrito dos, Iliana Medina.<\/p>\n\n\n\n<p>\u201cMe da mucho gusto saludarlos desde el crucero de Guerrero y Per\u00fa, donde estamos en una brigada muy importante, y muy contentas Laurita Z\u00e1rate y una servidora porque hoy nos acompa\u00f1a nuestro amigo Chava Rosas\u201d, expres\u00f3 Abdala Carmona.<\/p>\n\n\n\n<p>\u201cViene a fortalecer mucho el proyecto para contar con amigos como \u00e9l respald\u00e1ndonos. Ahorita andamos trabajando al cien, como dice Chava\u201d.<\/p>\n\n\n\n<p>Rosas se dijo convencido de que la mejor opci\u00f3n para el progreso de Nuevo Laredo es que Abdala Carmona llegue a la Presidencia Municipal, as\u00ed que convoc\u00f3 a las y los neolaredenses a votar en su favor este dos de junio.<\/p>\n\n\n\n<p>Tambi\u00e9n particip\u00f3 en el megapegoteo el l\u00edder social, Juan Carlos Medina, presidente de la asociaci\u00f3n civil Dios Gobierna Nuevo Laredo, quien el fin de semana se adhiri\u00f3 al proyecto de Abdala Carmona, as\u00ed como los presidentes de los comit\u00e9s locales del PRI, Fernando Castillo, y del PAN, Agust\u00edn Chapa.<\/p>\n\n\n\n<p>Al ritmo de la m\u00fasica y ondeando banderines del PAN y del PRI, militantes y simpatizantes coreaban \u201cYA mereces m\u00e1s\u201d, animados por los automovilistas que hac\u00edan sonar el claxon para manifestar su apoyo, pedir calcas, camisetas y plantas a fin de contribuir en la campa\u00f1a de reforestaci\u00f3n que inici\u00f3 la pr\u00f3xima Presidenta Municipal.<\/p>\n\n\n\n<p>\u201cLa verdad es que esta campa\u00f1a ha sido de mucha aceptaci\u00f3n, nos abren las puertas y nos manifiestan su apoyo, as\u00ed que listas, listas YA\u201d, afirm\u00f3 Abdala Carmona.<\/p>\n","protected":false},"excerpt":{"rendered":"<p>NUEVO LAREDO.- A cada paso de su campa\u00f1a pol\u00edtica, Yahleel Abdala Carmona, candidata a la Presidencia Municipal de Nuevo Laredo por la coalici\u00f3n PAN-PRI \u201cFuerza y Coraz\u00f3n por Tamaulipas\u201d, suma voluntades a su proyecto ciudadano. Este martes se adhiri\u00f3 el [&hellip;]<\/p>\n","protected":false},"author":2,"featured_media":92987,"comment_status":"open","ping_status":"open","sticky":false,"template":"","format":"standard","meta":[],"categories":[63],"tags":[],"_links":{"self":[{"href":"http:\/\/noticiastelered.com\/PortalDNoticias\/wp-json\/wp\/v2\/posts\/92984"}],"collection":[{"href":"http:\/\/noticiastelered.com\/PortalDNoticias\/wp-json\/wp\/v2\/posts"}],"about":[{"href":"http:\/\/noticiastelered.com\/PortalDNoticias\/wp-json\/wp\/v2\/types\/post"}],"author":[{"embeddable":true,"href":"http:\/\/noticiastelered.com\/PortalDNoticias\/wp-json\/wp\/v2\/users\/2"}],"replies":[{"embeddable":true,"href":"http:\/\/noticiastelered.com\/PortalDNoticias\/wp-json\/wp\/v2\/comments?post=92984"}],"version-history":[{"count":1,"href":"http:\/\/noticiastelered.com\/PortalDNoticias\/wp-json\/wp\/v2\/posts\/92984\/revisions"}],"predecessor-version":[{"id":92988,"href":"http:\/\/noticiastelered.com\/PortalDNoticias\/wp-json\/wp\/v2\/posts\/92984\/revisions\/92988"}],"wp:featuredmedia":[{"embeddable":true,"href":"http:\/\/noticiastelered.com\/PortalDNoticias\/wp-json\/wp\/v2\/media\/92987"}],"wp:attachment":[{"href":"http:\/\/noticiastelered.com\/PortalDNoticias\/wp-json\/wp\/v2\/media?parent=92984"}],"wp:term":[{"taxonomy":"category","embeddable":true,"href":"http:\/\/noticiastelered.com\/PortalDNoticias\/wp-json\/wp\/v2\/categories?post=92984"},{"taxonomy":"post_tag","embeddable":true,"href":"http:\/\/noticiastelered.com\/PortalDNoticias\/wp-json\/wp\/v2\/tags?post=92984"}],"curies":[{"name":"wp","href":"https:\/\/api.w.org\/{rel}","templated":true}]}}