{"id":92978,"date":"2024-04-25T04:33:14","date_gmt":"2024-04-25T04:33:14","guid":{"rendered":"http:\/\/noticiastelered.com\/PortalDNoticias\/?p=92978"},"modified":"2024-04-25T04:33:15","modified_gmt":"2024-04-25T04:33:15","slug":"se-suma-hugo-macay-al-proyecto-de-gobierno-de-yahleel-abdala","status":"publish","type":"post","link":"http:\/\/noticiastelered.com\/PortalDNoticias\/se-suma-hugo-macay-al-proyecto-de-gobierno-de-yahleel-abdala\/","title":{"rendered":"Se suma Hugo Macay al proyecto de gobierno de Yahleel Abdala"},"content":{"rendered":"\n<p>&#8211;El ex precandidato de Morena a la presidencia municipal consider\u00f3 que el proyecto de la candidata del PAN-PRI es humanista y enfocado al pueblo<\/p>\n\n\n\n<p>NUEVO LAREDO, Tam.- La solidez del proyecto de gobierno, integral y humano de Yahleel Abdala Carmona, candidata de la coalici\u00f3n &#8220;Fuerza y Coraz\u00f3n por Tamaulipas&#8221; a la Presidencia Municipal sigue atrayendo a actores pol\u00edticos que suman su fortaleza desprendi\u00e9ndose de otras corrientes pol\u00edticas.<\/p>\n\n\n\n<p>En esta ocasi\u00f3n es Hugo Macay, quien figurara como precandidato de Morena a la Presidencia Municipal quien, junto con su equipo, se integra a la campa\u00f1a de Abdala Carmona, por considerar que es un proyecto \u201cmuy similar al m\u00edo, un proyecto humanista enfocado a todos ustedes a Nuevo Laredo\u201d.<\/p>\n\n\n\n<p>Macay explic\u00f3 que inicialmente se sinti\u00f3 atra\u00eddo por los principios de Morena, pero no los encontr\u00f3 aplicados en Nuevo Laredo y eso lo hizo decidir sumarse al proyecto de Abdala Carmona.<\/p>\n\n\n\n<p>La candidata por su parte dijo estar \u201cmuy contenta y muy agradecida\u201d por la suma de Macay y su equipo al proyecto de construir \u201cla ciudad que ya merecemos\u201d, porque es un hombre de principios y valores con quien hay coincidencia en la visi\u00f3n de progreso para todos los neolaredenses.<\/p>\n\n\n\n<p>Cabe se\u00f1alar que con anterioridad, Adriana Contreras Vriagas, quien integraba la planilla morenista en posici\u00f3n de primera regidora, tambi\u00e9n decidi\u00f3 desprenderse de ese partido y sumarse a la campa\u00f1a de Abdala Carmona.<\/p>\n\n\n\n<p>Luego le sigui\u00f3 el influyente l\u00edder social Juan Carlos Medina Rayas, quien en anteriores elecciones ha hecho ganar a otros candidatos con la masa de gente que lo sigue y apoya, y quien tambi\u00e9n dej\u00f3 constancia de su respaldo y confianza para el proyecto de Yahleel.<\/p>\n\n\n\n<p>Como testigos del trascendente momento estuvieron: Agust\u00edn Chapa Torres, dirigente del PAN en Nuevo Laredo; Laura Z\u00e1rate Quezada, candidata a Presidenta Municipal suplente; Manuel Canales, candidato a diputado federal; Anay Ant\u00fanez, candidata a la d\u00e9cima regidur\u00eda y cientos de vecinos de la colonia Voluntad y Trabajo 2, donde se realiz\u00f3 el pronunciamiento de adhesi\u00f3n.<\/p>\n","protected":false},"excerpt":{"rendered":"<p>&#8211;El ex precandidato de Morena a la presidencia municipal consider\u00f3 que el proyecto de la candidata del PAN-PRI es humanista y enfocado al pueblo NUEVO LAREDO, Tam.- La solidez del proyecto de gobierno, integral y humano de Yahleel Abdala Carmona, [&hellip;]<\/p>\n","protected":false},"author":7,"featured_media":92982,"comment_status":"open","ping_status":"open","sticky":false,"template":"","format":"standard","meta":[],"categories":[63],"tags":[],"_links":{"self":[{"href":"http:\/\/noticiastelered.com\/PortalDNoticias\/wp-json\/wp\/v2\/posts\/92978"}],"collection":[{"href":"http:\/\/noticiastelered.com\/PortalDNoticias\/wp-json\/wp\/v2\/posts"}],"about":[{"href":"http:\/\/noticiastelered.com\/PortalDNoticias\/wp-json\/wp\/v2\/types\/post"}],"author":[{"embeddable":true,"href":"http:\/\/noticiastelered.com\/PortalDNoticias\/wp-json\/wp\/v2\/users\/7"}],"replies":[{"embeddable":true,"href":"http:\/\/noticiastelered.com\/PortalDNoticias\/wp-json\/wp\/v2\/comments?post=92978"}],"version-history":[{"count":1,"href":"http:\/\/noticiastelered.com\/PortalDNoticias\/wp-json\/wp\/v2\/posts\/92978\/revisions"}],"predecessor-version":[{"id":92983,"href":"http:\/\/noticiastelered.com\/PortalDNoticias\/wp-json\/wp\/v2\/posts\/92978\/revisions\/92983"}],"wp:featuredmedia":[{"embeddable":true,"href":"http:\/\/noticiastelered.com\/PortalDNoticias\/wp-json\/wp\/v2\/media\/92982"}],"wp:attachment":[{"href":"http:\/\/noticiastelered.com\/PortalDNoticias\/wp-json\/wp\/v2\/media?parent=92978"}],"wp:term":[{"taxonomy":"category","embeddable":true,"href":"http:\/\/noticiastelered.com\/PortalDNoticias\/wp-json\/wp\/v2\/categories?post=92978"},{"taxonomy":"post_tag","embeddable":true,"href":"http:\/\/noticiastelered.com\/PortalDNoticias\/wp-json\/wp\/v2\/tags?post=92978"}],"curies":[{"name":"wp","href":"https:\/\/api.w.org\/{rel}","templated":true}]}}