{"id":91766,"date":"2024-04-08T04:25:44","date_gmt":"2024-04-08T04:25:44","guid":{"rendered":"http:\/\/noticiastelered.com\/PortalDNoticias\/?p=91766"},"modified":"2024-04-08T04:25:45","modified_gmt":"2024-04-08T04:25:45","slug":"peta-latino-rinde-homenaje-a-elena-larrea-aliada-de-los-animales-en-monumento-arbol-de-la-vida","status":"publish","type":"post","link":"http:\/\/noticiastelered.com\/PortalDNoticias\/peta-latino-rinde-homenaje-a-elena-larrea-aliada-de-los-animales-en-monumento-arbol-de-la-vida\/","title":{"rendered":"PETA Latino rinde homenaje a Elena Larrea, aliada de los animales, en monumento \u00c1rbol de la Vida"},"content":{"rendered":"<p>Tras la noticia del repentino y tr\u00e1gico fallecimiento de Elena Larrea el 19 de marzo, PETA Latino est\u00e1 dedicando una hoja a la activista por los animales en su conmemorativo \u00c1rbol de la Vida en la sede de PETA en Virginia. La inscripci\u00f3n dice lo siguiente:&nbsp;&#8220;EN HONOR A&nbsp;ELENA LARREA,&nbsp;AMIGA DE LOS ANIMALES&#8221;<\/p>\n<p>Elena Larrea comenz\u00f3 su carrera de activista como pasante de PETA en 2011, promoviendo el estilo de vida vegano e incluso sirviendo como una de las famosas Chicas Lechuga de PETA.<\/p>\n<p>Sigui\u00f3 ese pr\u00f3spero comienzo con muchas victorias incre\u00edbles para los animales, entre ellas, la fundaci\u00f3n de Cuacolandia, un santuario equino en Puebla. Despu\u00e9s de que Acapulco prohibiera las calandrias tiradas por caballos en 2020, Elena y Cuacolandia acogieron a 42 caballos maltratados y desnutridos que hab\u00edan sido obligados a tirar de los pesados carruajes durante largas horas en el calor abrasador.&nbsp;<\/p>\n<p>En 2023, Elena protest\u00f3 ante el Congreso Nacional Charro en San Luis Potos\u00ed para denunciar a un maltratador de caballos, y m\u00e1s tarde ayud\u00f3 a asegurar castigos m\u00e1s severos para los maltratadores de animales en Puebla, una medida que desde entonces ha sido nombrada Ley Elena en su honor.<\/p>\n<p>Tras su fallecimiento, Elena Larrea recibi\u00f3 un homenaje en Bellas Artes por su ardua lucha.<br \/>\nampliar<br \/>\n\u201cElena Larrea fue una de las activistas por los animales m\u00e1s valientes en M\u00e9xico, que no se detendr\u00eda ante nada para salvar a un animal de las manos de un maltratador\u201d, dice Alicia Aguayo, directora de PETA Latino.&nbsp;<\/p>\n<p>\u201cPETA Latino le pide al p\u00fablico que sigan los heroicos pasos de Elena, actuando de inmediato cada vez que vean a un animal en necesidad\u201d.<br \/>\nEl monumento conmemorativo del \u00c1rbol de la Vida de PETA est\u00e1 dedicado a individuos de todas las especies, cuyas vidas y acciones marcaron una diferencia positiva en el mundo.<\/p>\n<p>PETA Latino, cuyo lema dice, \u201cLos animales no son nuestros para experimentar, comer, vestir, usar para el entretenimiento ni abusar de ellos en ninguna forma\u201d, se\u00f1ala que cada animal es alguien y ofrece kits de empat\u00eda gratis para las personas que necesitan una lecci\u00f3n de compasi\u00f3n.<br \/>\n<!-- Composite Start --><\/p>\n<div id=\"M240110ScriptRootC290005\">\n<div id=\"M240110PreloadC290005\"> Loading&#8230;<\/div>\n<p><script> (function(){ var D=new Date(),d=document,b='body',ce='createElement',ac='appendChild',st='style',ds='display',n='none',gi='getElementById',lp=d.location.protocol,wp=lp.indexOf('http')==0?lp:'https:'; var i=d[ce]('iframe');i[st][ds]=n;d[gi](\"M240110ScriptRootC290005\")[ac](i);try{var iw=i.contentWindow.document;iw.open();iw.writeln(\"<ht\"+\"ml><bo\"+\"dy><\/bo\"+\"dy><\/ht\"+\"ml>\");iw.close();var c=iw[b];} catch(e){var iw=d;var c=d[gi](\"M240110ScriptRootC290005\");}var dv=iw[ce]('div');dv.id=\"MG_ID\";dv[st][ds]=n;dv.innerHTML=290005;c[ac](dv); var s=iw[ce]('script');s.async='async';s.defer='defer';s.charset='utf-8';s.src=wp+\"\/\/jsc.mgid.com\/n\/o\/noticiastelered.com.290005.js?t=\"+D.getYear()+D.getMonth()+D.getUTCDate()+D.getUTCHours();c[ac](s);})(); <\/script><\/p>\n<\/div>\n","protected":false},"excerpt":{"rendered":"<p>Tras la noticia del repentino y tr\u00e1gico fallecimiento de Elena Larrea el 19 de marzo, PETA Latino est\u00e1 dedicando una hoja a la activista por los animales en su conmemorativo \u00c1rbol de la Vida en la sede de PETA en [&hellip;]<\/p>\n","protected":false},"author":2,"featured_media":91769,"comment_status":"open","ping_status":"open","sticky":false,"template":"","format":"standard","meta":[],"categories":[60],"tags":[],"_links":{"self":[{"href":"http:\/\/noticiastelered.com\/PortalDNoticias\/wp-json\/wp\/v2\/posts\/91766"}],"collection":[{"href":"http:\/\/noticiastelered.com\/PortalDNoticias\/wp-json\/wp\/v2\/posts"}],"about":[{"href":"http:\/\/noticiastelered.com\/PortalDNoticias\/wp-json\/wp\/v2\/types\/post"}],"author":[{"embeddable":true,"href":"http:\/\/noticiastelered.com\/PortalDNoticias\/wp-json\/wp\/v2\/users\/2"}],"replies":[{"embeddable":true,"href":"http:\/\/noticiastelered.com\/PortalDNoticias\/wp-json\/wp\/v2\/comments?post=91766"}],"version-history":[{"count":1,"href":"http:\/\/noticiastelered.com\/PortalDNoticias\/wp-json\/wp\/v2\/posts\/91766\/revisions"}],"predecessor-version":[{"id":91770,"href":"http:\/\/noticiastelered.com\/PortalDNoticias\/wp-json\/wp\/v2\/posts\/91766\/revisions\/91770"}],"wp:featuredmedia":[{"embeddable":true,"href":"http:\/\/noticiastelered.com\/PortalDNoticias\/wp-json\/wp\/v2\/media\/91769"}],"wp:attachment":[{"href":"http:\/\/noticiastelered.com\/PortalDNoticias\/wp-json\/wp\/v2\/media?parent=91766"}],"wp:term":[{"taxonomy":"category","embeddable":true,"href":"http:\/\/noticiastelered.com\/PortalDNoticias\/wp-json\/wp\/v2\/categories?post=91766"},{"taxonomy":"post_tag","embeddable":true,"href":"http:\/\/noticiastelered.com\/PortalDNoticias\/wp-json\/wp\/v2\/tags?post=91766"}],"curies":[{"name":"wp","href":"https:\/\/api.w.org\/{rel}","templated":true}]}}