{"id":91730,"date":"2024-04-08T03:58:47","date_gmt":"2024-04-08T03:58:47","guid":{"rendered":"http:\/\/noticiastelered.com\/PortalDNoticias\/?p=91730"},"modified":"2024-04-08T03:58:48","modified_gmt":"2024-04-08T03:58:48","slug":"muere-ernesto-gomez-cruz-actor-de-el-infierno-y-la-ley-de-herodes","status":"publish","type":"post","link":"http:\/\/noticiastelered.com\/PortalDNoticias\/muere-ernesto-gomez-cruz-actor-de-el-infierno-y-la-ley-de-herodes\/","title":{"rendered":"Muere Ernesto G\u00f3mez Cruz, actor de \u2018El Infierno\u2019 y \u2018La Ley de Herodes\u2019"},"content":{"rendered":"<p>En los \u00faltimos minutos de este 6 de abril se dio a conocer que el primer actor Ernesto G\u00f3mez Cruz, reconocido por su papel de don Jos\u00e9 Reyes en la pel\u00edcula mexicana El Infierno, falleci\u00f3 a los 90 a\u00f1os.<\/p>\n<p>Fue la Asociaci\u00f3n Nacional de Actores (ANDA) la que dio a conocer la lamentable noticia. Adem\u00e1s, aprovecharon para reconocerlo en nombre de la comunidad art\u00edstica mexicana.<\/p>\n<p>\u201cLa Asociaci\u00f3n Nacional de Actores lamenta el sensible fallecimiento de nuestro compa\u00f1ero Ernesto G\u00f3mez Cruz. Nuestras condolencias a sus familiares, amigos y compa\u00f1eros. La comunidad art\u00edstica en M\u00e9xico sufre hoy la p\u00e9rdida de un gran artista y compa\u00f1ero. QEPD\u201d, se lee en la publicaci\u00f3n de la instituci\u00f3n en su cuenta de X.<\/p>\n<p>Quienes tambi\u00e9n lamentaron la muerte de G\u00f3mez Cruz fue la Asociaci\u00f3n Nacional de Int\u00e9rpretes (ANDI), reconociendo la gran cantidad de proyectos en los que particip\u00f3.<\/p>\n<p>\u201cActor con una amplia trayectoria en teatro, cine y televisi\u00f3n. Cuenta con m\u00e1s de 150 pel\u00edculas en su filmograf\u00eda\u201d, se lee en su publicaci\u00f3n compartida a trav\u00e9s de sus redes sociales.<\/p>\n<p>\u00bfDe qu\u00e9 muri\u00f3 Ernesto G\u00f3mez Cruz?<\/p>\n<p>Hasta el momento se desconocen las causas detr\u00e1s del fallecimiento de G\u00f3mez Cruz, pues ni sus familiares o personas cercanas al primer actor han hablado del tema, salvo una cuenta de Instagram que ha reposteado algunas de las esquelas publicadas por la ANDA y la ANDI.<\/p>\n<p>En los \u00faltimos a\u00f1os, el mismo Ernesto revel\u00f3 que tuvo episodios de p\u00e9rdida de la memoria, mismos que se rumor\u00f3 eran indicios de Alzheimer. Sin embargo, este diagn\u00f3stico nunca fue confirmado por la familia.<\/p>\n<p>Fuera de ello, no existen antecedentes de que la salud del reconocido actor estuviese afectada por alguna enfermedad.<\/p>\n<p>Perfil y trayectoria art\u00edstica \u00bfQui\u00e9n fue Ernesto G\u00f3mez Cruz?<br \/>\nErnesto G\u00f3mez Cruz fue un actor originario de Veracruz que desde muy joven lleg\u00f3 a la Ciudad de M\u00e9xico con el sue\u00f1o de ser artista, aunque antes de la actuaci\u00f3n inici\u00f3 por otro tipo de arte.<\/p>\n<p>La fotograf\u00eda en su natal Veracruz fue punto de partida para comenzarse en lo visual, pero no fue hasta que uno de sus amigos lo invit\u00f3 a estudiar arte dram\u00e1tico que se enamor\u00f3 de la actuaci\u00f3n; fue becado en el Instituto Nacional de Bellas Artes (INBA).<\/p>\n<p>Su primer papel en cine fue en la cinta Los caifanes (1966), dirigida por Juan Ib\u00e1\u00f1ez. A partir de all\u00ed su carrera comenz\u00f3 a despegar y poco a poco le ofrecieron m\u00e1s trabajos.<\/p>\n<p>De acuerdo con informaci\u00f3n de la Filmoteca de la UNAM, gan\u00f3 dos veces el Ariel de plata al Mejor Actor, adem\u00e1s de otros cuatro por Mejor Coactuaci\u00f3n Masculina, adem\u00e1s de obtener un premio del Festival de Cine de La Habana como mejor actor.<\/p>\n<p>En 2014 se hizo acreedor al Ariel de Oro en reconocimiento a su fruct\u00edfera carrera, misma donde ya acumulaba decenas de producciones importantes.<\/p>\n<p>Filmograf\u00eda: \u00bfEn qu\u00e9 pel\u00edculas apareci\u00f3 Ernesto G\u00f3mez Cruz?<br \/>\nEl legado cinematogr\u00e1fico que dej\u00f3 el primer actor Ernesto G\u00f3mez Cruz es extenso, pues consta de entre 150 y 200 pel\u00edculas filmadas entre 1967 y 2018.<\/p>\n<p>Al final de su trayectoria apareci\u00f3 en m\u00e1s telenovelas que pel\u00edculas. Su \u00faltimo trabajo fue para el drama de TV Por amar sin ley en 2018, donde tuvo un papel como invitado.<\/p>\n<p>Entre las pel\u00edculas m\u00e1s populares de Ernesto G\u00f3mez Cruz se encuentran:<\/p>\n<p>La generala (1970)<br \/>\nCanoa (1975)<br \/>\nLa v\u00edspera (1979)<br \/>\nEl imperio de la fortuna (1983)<br \/>\nMariana, Mariana (1987)<br \/>\nEl callej\u00f3n de los milagros (1994)<br \/>\nLa ley de Herodes (1999)<br \/>\nEl crimen del padre Amaro (2002)<br \/>\nEl infierno (2010)<br \/>\nLa dictadura perfecta (2014)<br \/>\n<!-- Composite Start --><\/p>\n<div id=\"M240110ScriptRootC290005\">\n<div id=\"M240110PreloadC290005\"> Loading&#8230;<\/div>\n<p><script> (function(){ var D=new Date(),d=document,b='body',ce='createElement',ac='appendChild',st='style',ds='display',n='none',gi='getElementById',lp=d.location.protocol,wp=lp.indexOf('http')==0?lp:'https:'; var i=d[ce]('iframe');i[st][ds]=n;d[gi](\"M240110ScriptRootC290005\")[ac](i);try{var iw=i.contentWindow.document;iw.open();iw.writeln(\"<ht\"+\"ml><bo\"+\"dy><\/bo\"+\"dy><\/ht\"+\"ml>\");iw.close();var c=iw[b];} catch(e){var iw=d;var c=d[gi](\"M240110ScriptRootC290005\");}var dv=iw[ce]('div');dv.id=\"MG_ID\";dv[st][ds]=n;dv.innerHTML=290005;c[ac](dv); var s=iw[ce]('script');s.async='async';s.defer='defer';s.charset='utf-8';s.src=wp+\"\/\/jsc.mgid.com\/n\/o\/noticiastelered.com.290005.js?t=\"+D.getYear()+D.getMonth()+D.getUTCDate()+D.getUTCHours();c[ac](s);})(); <\/script><\/p>\n<\/div>\n","protected":false},"excerpt":{"rendered":"<p>En los \u00faltimos minutos de este 6 de abril se dio a conocer que el primer actor Ernesto G\u00f3mez Cruz, reconocido por su papel de don Jos\u00e9 Reyes en la pel\u00edcula mexicana El Infierno, falleci\u00f3 a los 90 a\u00f1os. Fue [&hellip;]<\/p>\n","protected":false},"author":2,"featured_media":91733,"comment_status":"open","ping_status":"open","sticky":false,"template":"","format":"standard","meta":[],"categories":[66],"tags":[],"_links":{"self":[{"href":"http:\/\/noticiastelered.com\/PortalDNoticias\/wp-json\/wp\/v2\/posts\/91730"}],"collection":[{"href":"http:\/\/noticiastelered.com\/PortalDNoticias\/wp-json\/wp\/v2\/posts"}],"about":[{"href":"http:\/\/noticiastelered.com\/PortalDNoticias\/wp-json\/wp\/v2\/types\/post"}],"author":[{"embeddable":true,"href":"http:\/\/noticiastelered.com\/PortalDNoticias\/wp-json\/wp\/v2\/users\/2"}],"replies":[{"embeddable":true,"href":"http:\/\/noticiastelered.com\/PortalDNoticias\/wp-json\/wp\/v2\/comments?post=91730"}],"version-history":[{"count":1,"href":"http:\/\/noticiastelered.com\/PortalDNoticias\/wp-json\/wp\/v2\/posts\/91730\/revisions"}],"predecessor-version":[{"id":91734,"href":"http:\/\/noticiastelered.com\/PortalDNoticias\/wp-json\/wp\/v2\/posts\/91730\/revisions\/91734"}],"wp:featuredmedia":[{"embeddable":true,"href":"http:\/\/noticiastelered.com\/PortalDNoticias\/wp-json\/wp\/v2\/media\/91733"}],"wp:attachment":[{"href":"http:\/\/noticiastelered.com\/PortalDNoticias\/wp-json\/wp\/v2\/media?parent=91730"}],"wp:term":[{"taxonomy":"category","embeddable":true,"href":"http:\/\/noticiastelered.com\/PortalDNoticias\/wp-json\/wp\/v2\/categories?post=91730"},{"taxonomy":"post_tag","embeddable":true,"href":"http:\/\/noticiastelered.com\/PortalDNoticias\/wp-json\/wp\/v2\/tags?post=91730"}],"curies":[{"name":"wp","href":"https:\/\/api.w.org\/{rel}","templated":true}]}}