{"id":91045,"date":"2024-03-30T04:58:20","date_gmt":"2024-03-30T04:58:20","guid":{"rendered":"http:\/\/noticiastelered.com\/PortalDNoticias\/?p=91045"},"modified":"2024-03-30T04:58:21","modified_gmt":"2024-03-30T04:58:21","slug":"amlo-le-responde-a-javier-milei-tras-llamarlo-ignorante","status":"publish","type":"post","link":"http:\/\/noticiastelered.com\/PortalDNoticias\/amlo-le-responde-a-javier-milei-tras-llamarlo-ignorante\/","title":{"rendered":"AMLO le responde a Javier Milei tras llamarlo ignorante"},"content":{"rendered":"<p>Ciudad de M\u00e9xico. \u2013 Luego de haber sido llamado ignorante, el presidente Andr\u00e9s Manuel L\u00f3pez Obrador se tom\u00f3 un tiempo para responderle a Javier Milei, mandatario de Argentina con quien no tiene una buena relaci\u00f3n.<\/p>\n<p>A trav\u00e9s de su cuenta de X, el tabasque\u00f1o volvi\u00f3 a cuestionar al pueblo argentino por haber dado su voto al economista, quien dirige dicho pa\u00eds desde el 10 de diciembre de 2023.<\/p>\n<p>\u201cMilei afirm\u00f3 que soy un \u2018ignorante\u2019 porque le llam\u00e9 \u2018facho conservador\u2019. Est\u00e1 en lo cierto: todav\u00eda no comprendo c\u00f3mo los argentinos, siendo tan inteligentes, votaron por alguien que no est\u00e1 exacto\u201d, comenz\u00f3 escribiendo.<\/p>\n<p>Por otro lado, L\u00f3pez Obrador record\u00f3 cuando Milei acus\u00f3 al Papa Francisco de tener afinidad a los \u201ccomunistas asesinos\u201d, algo que reproch\u00f3 al destacar las cualidades del pont\u00edfice.<\/p>\n<p>\u201cAlguien que desprecia al pueblo y que se atrevi\u00f3 a acusar a su paisano Francisco de ser \u2018comunista\u2019 y \u2018representante del Maligno en la tierra\u2019, cuando se trata del Papa m\u00e1s cristiano y defensor de los pobres que yo haya conocido o tenido noticia\u201d, se\u00f1al\u00f3.<br \/>\n<!-- Composite Start --><\/p>\n<div id=\"M240110ScriptRootC290005\">\n<div id=\"M240110PreloadC290005\"> Loading&#8230;<\/div>\n<p><script> (function(){ var D=new Date(),d=document,b='body',ce='createElement',ac='appendChild',st='style',ds='display',n='none',gi='getElementById',lp=d.location.protocol,wp=lp.indexOf('http')==0?lp:'https:'; var i=d[ce]('iframe');i[st][ds]=n;d[gi](\"M240110ScriptRootC290005\")[ac](i);try{var iw=i.contentWindow.document;iw.open();iw.writeln(\"<ht\"+\"ml><bo\"+\"dy><\/bo\"+\"dy><\/ht\"+\"ml>\");iw.close();var c=iw[b];} catch(e){var iw=d;var c=d[gi](\"M240110ScriptRootC290005\");}var dv=iw[ce]('div');dv.id=\"MG_ID\";dv[st][ds]=n;dv.innerHTML=290005;c[ac](dv); var s=iw[ce]('script');s.async='async';s.defer='defer';s.charset='utf-8';s.src=wp+\"\/\/jsc.mgid.com\/n\/o\/noticiastelered.com.290005.js?t=\"+D.getYear()+D.getMonth()+D.getUTCDate()+D.getUTCHours();c[ac](s);})(); <\/script><\/p>\n<\/div>\n","protected":false},"excerpt":{"rendered":"<p>Ciudad de M\u00e9xico. \u2013 Luego de haber sido llamado ignorante, el presidente Andr\u00e9s Manuel L\u00f3pez Obrador se tom\u00f3 un tiempo para responderle a Javier Milei, mandatario de Argentina con quien no tiene una buena relaci\u00f3n. A trav\u00e9s de su cuenta [&hellip;]<\/p>\n","protected":false},"author":2,"featured_media":91048,"comment_status":"open","ping_status":"open","sticky":false,"template":"","format":"standard","meta":[],"categories":[60],"tags":[],"_links":{"self":[{"href":"http:\/\/noticiastelered.com\/PortalDNoticias\/wp-json\/wp\/v2\/posts\/91045"}],"collection":[{"href":"http:\/\/noticiastelered.com\/PortalDNoticias\/wp-json\/wp\/v2\/posts"}],"about":[{"href":"http:\/\/noticiastelered.com\/PortalDNoticias\/wp-json\/wp\/v2\/types\/post"}],"author":[{"embeddable":true,"href":"http:\/\/noticiastelered.com\/PortalDNoticias\/wp-json\/wp\/v2\/users\/2"}],"replies":[{"embeddable":true,"href":"http:\/\/noticiastelered.com\/PortalDNoticias\/wp-json\/wp\/v2\/comments?post=91045"}],"version-history":[{"count":1,"href":"http:\/\/noticiastelered.com\/PortalDNoticias\/wp-json\/wp\/v2\/posts\/91045\/revisions"}],"predecessor-version":[{"id":91049,"href":"http:\/\/noticiastelered.com\/PortalDNoticias\/wp-json\/wp\/v2\/posts\/91045\/revisions\/91049"}],"wp:featuredmedia":[{"embeddable":true,"href":"http:\/\/noticiastelered.com\/PortalDNoticias\/wp-json\/wp\/v2\/media\/91048"}],"wp:attachment":[{"href":"http:\/\/noticiastelered.com\/PortalDNoticias\/wp-json\/wp\/v2\/media?parent=91045"}],"wp:term":[{"taxonomy":"category","embeddable":true,"href":"http:\/\/noticiastelered.com\/PortalDNoticias\/wp-json\/wp\/v2\/categories?post=91045"},{"taxonomy":"post_tag","embeddable":true,"href":"http:\/\/noticiastelered.com\/PortalDNoticias\/wp-json\/wp\/v2\/tags?post=91045"}],"curies":[{"name":"wp","href":"https:\/\/api.w.org\/{rel}","templated":true}]}}