{"id":91035,"date":"2024-03-30T04:52:37","date_gmt":"2024-03-30T04:52:37","guid":{"rendered":"http:\/\/noticiastelered.com\/PortalDNoticias\/?p=91035"},"modified":"2024-03-30T04:52:38","modified_gmt":"2024-03-30T04:52:38","slug":"si-tengo-un-hijo-lo-vigilo-secretario-de-seguridad-acusa-a-mama-de-camila-de-omision","status":"publish","type":"post","link":"http:\/\/noticiastelered.com\/PortalDNoticias\/si-tengo-un-hijo-lo-vigilo-secretario-de-seguridad-acusa-a-mama-de-camila-de-omision\/","title":{"rendered":"&#8216;Si tengo un hijo lo vigilo&#8221;, Secretario de Seguridad acusa a mam\u00e1 de Camila de omisi\u00f3n"},"content":{"rendered":"<p>Guerrero. \u2013 El secretario de Seguridad Ciudadana de Taxco, Guerrero, Doroteo V\u00e1zquez, se\u00f1al\u00f3 que la madre de Camila G\u00f3mez, de 8 a\u00f1os, tuvo \u201comisi\u00f3n de cuidados\u201d.<\/p>\n<p>&#8220;Es que hay que se\u00f1alar que no podemos juzgar porque vi\u00e9ndolo desde el punto de vista, hubo una responsabilidad maternal y hay una omisi\u00f3n, porque si yo como padre tengo un hijo debo vigilarlo, orientarlo y guiarlo. Aqu\u00ed la mam\u00e1, supuestamente, dejo salir a la ni\u00f1a sin percatarse, sin las medidas de seguridad pertinentes porque ella refer\u00eda que la persona que falleci\u00f3 era su amiga&#8221;, dijo V\u00e1zquez en entrevista a Foro TV.<\/p>\n<p>Asimismo, mencion\u00f3 que el d\u00eda en que se report\u00f3 la desaparici\u00f3n de la peque\u00f1a, no se le dio la informaci\u00f3n adecuada.<\/p>\n<p>Los habitantes de Taxco se mostraron indignados por la reacci\u00f3n del secretario de Seguridad tras la muerte de la menor de 8 a\u00f1os.<\/p>\n<p>Finalmente, Doroteo V\u00e1zquez refiri\u00f3 que buscaron por todos los medios resguardar la integridad de los presuntos responsables, sin embargo, la gente estaba muy molesta que tomaron la justicia con sus propias manos.<\/p>\n<p>\u00bfQu\u00e9 le pas\u00f3 a Camila?<br \/>\nLa ni\u00f1a sali\u00f3 de su domicilio el mi\u00e9rcoles 27 de marzo y tal era su felicidad que ingres\u00f3 saltando a una vivienda, sin embargo, ya no sali\u00f3, y su familia report\u00f3 su desaparici\u00f3n horas m\u00e1s tarde.<\/p>\n<p>La Fiscal\u00eda General del Estado recibi\u00f3 el reporte y lanz\u00f3 una ficha de b\u00fasqueda sin que se obtuvieran resultados positivos, hasta que poco a poco comenzaron a salir diversas pruebas que dejaron entrever que algo negativo le hab\u00eda sucedido a Camila, y que detr\u00e1s de ello estaba la familia que la hab\u00eda invitado a su casa.<\/p>\n<p>Las autoridades se\u00f1alaron que la ni\u00f1a fue privada de su vida por conocidos de sus familiares y posteriormente su cuerpo fue sacado del lugar donde se cometi\u00f3 el crimen.<\/p>\n<p>Fue hasta la madrugada del Jueves Santo, que localizaron en bolsas negras el cuerpo de la menor en la carretera Taxco-Cuernavaca.<br \/>\n<!-- Composite Start --><\/p>\n<div id=\"M240110ScriptRootC290005\">\n<div id=\"M240110PreloadC290005\"> Loading&#8230;<\/div>\n<p><script> (function(){ var D=new Date(),d=document,b='body',ce='createElement',ac='appendChild',st='style',ds='display',n='none',gi='getElementById',lp=d.location.protocol,wp=lp.indexOf('http')==0?lp:'https:'; var i=d[ce]('iframe');i[st][ds]=n;d[gi](\"M240110ScriptRootC290005\")[ac](i);try{var iw=i.contentWindow.document;iw.open();iw.writeln(\"<ht\"+\"ml><bo\"+\"dy><\/bo\"+\"dy><\/ht\"+\"ml>\");iw.close();var c=iw[b];} catch(e){var iw=d;var c=d[gi](\"M240110ScriptRootC290005\");}var dv=iw[ce]('div');dv.id=\"MG_ID\";dv[st][ds]=n;dv.innerHTML=290005;c[ac](dv); var s=iw[ce]('script');s.async='async';s.defer='defer';s.charset='utf-8';s.src=wp+\"\/\/jsc.mgid.com\/n\/o\/noticiastelered.com.290005.js?t=\"+D.getYear()+D.getMonth()+D.getUTCDate()+D.getUTCHours();c[ac](s);})(); <\/script><\/p>\n<\/div>\n","protected":false},"excerpt":{"rendered":"<p>Guerrero. \u2013 El secretario de Seguridad Ciudadana de Taxco, Guerrero, Doroteo V\u00e1zquez, se\u00f1al\u00f3 que la madre de Camila G\u00f3mez, de 8 a\u00f1os, tuvo \u201comisi\u00f3n de cuidados\u201d. &#8220;Es que hay que se\u00f1alar que no podemos juzgar porque vi\u00e9ndolo desde el punto [&hellip;]<\/p>\n","protected":false},"author":2,"featured_media":91038,"comment_status":"open","ping_status":"open","sticky":false,"template":"","format":"standard","meta":[],"categories":[60],"tags":[],"_links":{"self":[{"href":"http:\/\/noticiastelered.com\/PortalDNoticias\/wp-json\/wp\/v2\/posts\/91035"}],"collection":[{"href":"http:\/\/noticiastelered.com\/PortalDNoticias\/wp-json\/wp\/v2\/posts"}],"about":[{"href":"http:\/\/noticiastelered.com\/PortalDNoticias\/wp-json\/wp\/v2\/types\/post"}],"author":[{"embeddable":true,"href":"http:\/\/noticiastelered.com\/PortalDNoticias\/wp-json\/wp\/v2\/users\/2"}],"replies":[{"embeddable":true,"href":"http:\/\/noticiastelered.com\/PortalDNoticias\/wp-json\/wp\/v2\/comments?post=91035"}],"version-history":[{"count":1,"href":"http:\/\/noticiastelered.com\/PortalDNoticias\/wp-json\/wp\/v2\/posts\/91035\/revisions"}],"predecessor-version":[{"id":91039,"href":"http:\/\/noticiastelered.com\/PortalDNoticias\/wp-json\/wp\/v2\/posts\/91035\/revisions\/91039"}],"wp:featuredmedia":[{"embeddable":true,"href":"http:\/\/noticiastelered.com\/PortalDNoticias\/wp-json\/wp\/v2\/media\/91038"}],"wp:attachment":[{"href":"http:\/\/noticiastelered.com\/PortalDNoticias\/wp-json\/wp\/v2\/media?parent=91035"}],"wp:term":[{"taxonomy":"category","embeddable":true,"href":"http:\/\/noticiastelered.com\/PortalDNoticias\/wp-json\/wp\/v2\/categories?post=91035"},{"taxonomy":"post_tag","embeddable":true,"href":"http:\/\/noticiastelered.com\/PortalDNoticias\/wp-json\/wp\/v2\/tags?post=91035"}],"curies":[{"name":"wp","href":"https:\/\/api.w.org\/{rel}","templated":true}]}}