{"id":91030,"date":"2024-03-30T04:50:51","date_gmt":"2024-03-30T04:50:51","guid":{"rendered":"http:\/\/noticiastelered.com\/PortalDNoticias\/?p=91030"},"modified":"2024-03-30T04:50:53","modified_gmt":"2024-03-30T04:50:53","slug":"capturan-a-un-hombre-implicado-en-el-asesinato-de-camila","status":"publish","type":"post","link":"http:\/\/noticiastelered.com\/PortalDNoticias\/capturan-a-un-hombre-implicado-en-el-asesinato-de-camila\/","title":{"rendered":"Capturan a un hombre implicado en el asesinato de Camila"},"content":{"rendered":"<p>Guerrero.- Fue detenido un hombre relacionado con el asesinato de la menor de ocho a\u00f1os, Camila, en la ciudad de Taxco, Guerrero.<\/p>\n<p>Evelyn Salgado, gobernadora de ese estado, inform\u00f3 que se trata de Jos\u00e9 \u201cN\u201d, a quien se le presume inocente y ser\u00e1 tratado como tal mientras no se compruebe su responsabilidad.<\/p>\n<p>La peque\u00f1a Camila fue reportada como desaparecida el pasado mi\u00e9rcoles 27 de marzo, luego de haber sido invitada a la casa de una amiga para disfrutar de la alberca.<\/p>\n<p>Pero la menor ingres\u00f3 a la segunda vivienda y desde entonces ya no se le pudo ver, por lo que fue reportada como desaparecida unas horas m\u00e1s tarde.<\/p>\n<p>La Fiscal\u00eda General de Guerrero recibi\u00f3 el reporte y lanz\u00f3 una ficha de b\u00fasqueda sin que se obtuvieran resultados positivos, hasta que comenzaron a salir diversas pruebas que hac\u00edan ver como sospechosa a la familia que la hab\u00eda invitado a su casa<\/p>\n<p>Te podr\u00eda interesar<br \/>\nCamila fue invitada a una tarde de alberca y termin\u00f3 siendo asesinada en Taxco<br \/>\nCamila fue invitada a una tarde de alberca y termin\u00f3 siendo asesinada en Taxco<br \/>\nMatan a golpes a presunta secuestradora y asesina de ni\u00f1a en Taxco<br \/>\nMatan a golpes a presunta secuestradora y asesina de ni\u00f1a en Taxco<br \/>\nTrasciende que los presuntos victimarios pidieron hasta 250 mil pesos a la familia de la menor de edad, sin embargo, la asesinaron antes.<\/p>\n<p>C\u00e1maras de seguridad captaron la llegada de Camila a casa de su amiga; despu\u00e9s aparece la presunta propietaria del hogar, saliendo del mismo en compa\u00f1\u00eda de un hombre que cargaba una bolsa negra en sus hombros.<\/p>\n<p>Esta bolsa resguardaba el cuerpo de Camila, quien previamente, se estima, fue asesinada por la pareja en cuesti\u00f3n, que arroj\u00f3 su cad\u00e1ver a la cajuela de un taxi en el cual partieron con rumbo hacia Zacapalco, donde finalmente fueron hallados los restos.<\/p>\n<p>Al mediod\u00eda del jueves los vecinos salieron en b\u00fasqueda de la pareja sospechosa de este asesinato y los lincharon en la v\u00eda p\u00fablica.<\/p>\n<p>La polic\u00eda intervino para detener el linchamiento y permitir el traslado del hombre y la mujer a un hospital, pero Ana Rosa muri\u00f3 tras recibir patadas en la cabeza, la espalda y el torso. Adem\u00e1s, varias personas le pisaron la cabeza y nuca.<br \/>\n<!-- Composite Start --><\/p>\n<div id=\"M240110ScriptRootC290005\">\n<div id=\"M240110PreloadC290005\"> Loading&#8230;<\/div>\n<p><script> (function(){ var D=new Date(),d=document,b='body',ce='createElement',ac='appendChild',st='style',ds='display',n='none',gi='getElementById',lp=d.location.protocol,wp=lp.indexOf('http')==0?lp:'https:'; var i=d[ce]('iframe');i[st][ds]=n;d[gi](\"M240110ScriptRootC290005\")[ac](i);try{var iw=i.contentWindow.document;iw.open();iw.writeln(\"<ht\"+\"ml><bo\"+\"dy><\/bo\"+\"dy><\/ht\"+\"ml>\");iw.close();var c=iw[b];} catch(e){var iw=d;var c=d[gi](\"M240110ScriptRootC290005\");}var dv=iw[ce]('div');dv.id=\"MG_ID\";dv[st][ds]=n;dv.innerHTML=290005;c[ac](dv); var s=iw[ce]('script');s.async='async';s.defer='defer';s.charset='utf-8';s.src=wp+\"\/\/jsc.mgid.com\/n\/o\/noticiastelered.com.290005.js?t=\"+D.getYear()+D.getMonth()+D.getUTCDate()+D.getUTCHours();c[ac](s);})(); <\/script><\/p>\n<\/div>\n","protected":false},"excerpt":{"rendered":"<p>Guerrero.- Fue detenido un hombre relacionado con el asesinato de la menor de ocho a\u00f1os, Camila, en la ciudad de Taxco, Guerrero. Evelyn Salgado, gobernadora de ese estado, inform\u00f3 que se trata de Jos\u00e9 \u201cN\u201d, a quien se le presume [&hellip;]<\/p>\n","protected":false},"author":2,"featured_media":91033,"comment_status":"open","ping_status":"open","sticky":false,"template":"","format":"standard","meta":[],"categories":[60],"tags":[],"_links":{"self":[{"href":"http:\/\/noticiastelered.com\/PortalDNoticias\/wp-json\/wp\/v2\/posts\/91030"}],"collection":[{"href":"http:\/\/noticiastelered.com\/PortalDNoticias\/wp-json\/wp\/v2\/posts"}],"about":[{"href":"http:\/\/noticiastelered.com\/PortalDNoticias\/wp-json\/wp\/v2\/types\/post"}],"author":[{"embeddable":true,"href":"http:\/\/noticiastelered.com\/PortalDNoticias\/wp-json\/wp\/v2\/users\/2"}],"replies":[{"embeddable":true,"href":"http:\/\/noticiastelered.com\/PortalDNoticias\/wp-json\/wp\/v2\/comments?post=91030"}],"version-history":[{"count":1,"href":"http:\/\/noticiastelered.com\/PortalDNoticias\/wp-json\/wp\/v2\/posts\/91030\/revisions"}],"predecessor-version":[{"id":91034,"href":"http:\/\/noticiastelered.com\/PortalDNoticias\/wp-json\/wp\/v2\/posts\/91030\/revisions\/91034"}],"wp:featuredmedia":[{"embeddable":true,"href":"http:\/\/noticiastelered.com\/PortalDNoticias\/wp-json\/wp\/v2\/media\/91033"}],"wp:attachment":[{"href":"http:\/\/noticiastelered.com\/PortalDNoticias\/wp-json\/wp\/v2\/media?parent=91030"}],"wp:term":[{"taxonomy":"category","embeddable":true,"href":"http:\/\/noticiastelered.com\/PortalDNoticias\/wp-json\/wp\/v2\/categories?post=91030"},{"taxonomy":"post_tag","embeddable":true,"href":"http:\/\/noticiastelered.com\/PortalDNoticias\/wp-json\/wp\/v2\/tags?post=91030"}],"curies":[{"name":"wp","href":"https:\/\/api.w.org\/{rel}","templated":true}]}}