{"id":91025,"date":"2024-03-30T04:48:34","date_gmt":"2024-03-30T04:48:34","guid":{"rendered":"http:\/\/noticiastelered.com\/PortalDNoticias\/?p=91025"},"modified":"2024-03-30T04:48:35","modified_gmt":"2024-03-30T04:48:35","slug":"lanzan-gorra-de-edicion-especial-para-ayudar-a-cuacolandia-tras-muerte-de-elena-larrea","status":"publish","type":"post","link":"http:\/\/noticiastelered.com\/PortalDNoticias\/lanzan-gorra-de-edicion-especial-para-ayudar-a-cuacolandia-tras-muerte-de-elena-larrea\/","title":{"rendered":"Lanzan gorra de edici\u00f3n especial para ayudar a \u2018Cuacolandia\u2019 tras muerte de Elena Larrea"},"content":{"rendered":"\n<p>M\u00c9XICO.- El legado de<strong>&nbsp;Elena Larrea&nbsp;<\/strong>no llegar\u00e1 a su fin y as\u00ed ha quedado claro tras su&nbsp;<strong>muerte<\/strong>, anunciada el pasado 20 de marzo, luego de sufrir una&nbsp;<strong>trombosis<\/strong>. Pues desde que la modelo y activista falleci\u00f3 su lucha por la defensa de los animales, especialmente los caballos y burros, sus fieles compa\u00f1eros han informado que seguir\u00e1n adelante con el proyecto de su amiga al continuar con el trabajo que se realiza desde&nbsp;<strong>Cuacolandia&nbsp;<\/strong>contra el maltrato animal.<\/p>\n\n\n\n<p>Si bien desde su muerte (y antes de ella) se han realizado&nbsp;<strong>donativos&nbsp;<\/strong>para que el refugio pueda seguir en pie, ahora se acaba de anunciar una nueva forma de&nbsp;<strong>ayudar<\/strong>&nbsp;a&nbsp;Cuacolandia y aqu\u00ed te contamos c\u00f3mo te puedes sumar al mismo tiempo en que te haces de un recuerdo de la causa. Y es que hoy se anunci\u00f3 una colaboraci\u00f3n en la que muy seguramente particip\u00f3 Elena Larrea en vida y que consiste en unas&nbsp;<strong>bonitas gorras<\/strong>.<\/p>\n\n\n\n<figure class=\"wp-block-image\"><img decoding=\"async\" src=\"https:\/\/heraldodemexico.com.mx\/u\/fotografias\/m\/2024\/3\/29\/f768x1-915972_916099_0.jpeg\" alt=\"\"\/><\/figure>\n\n\n\n<h2 class=\"wp-block-heading\">Lanzan gorras de&nbsp;Cuacolandia para ayudar a la fundaci\u00f3n de Elena Larrea<\/h2>\n\n\n\n<p>A trav\u00e9s de redes sociales,&nbsp;Cuacolandia y<strong>&nbsp;Piales MX<\/strong>&nbsp;anunciaron una&nbsp;<strong>colaboraci\u00f3n<\/strong>&nbsp;que llam\u00f3 la atenci\u00f3n de los seguidores de la modelo, pues se trata de un dise\u00f1o de&nbsp;<strong>gorra&nbsp;<\/strong>que recupera el logo del refugio que fund\u00f3 la reci\u00e9n fallecida. El modelo que se muestra destaca por un sobrio col\u00f3n marr\u00f3n, as\u00ed como el bordado de un caballo.<\/p>\n\n\n\n<p>De acuerdo con los detalles de la publicaci\u00f3n en cuesti\u00f3n se realizan env\u00edos a todo el pa\u00eds, sin embargo, y para sorpresa de muchos, al ingresar a la p\u00e1gina web donde se oferta el accesorio, los admiradores de la activista descubrieron que<strong>&nbsp;se agot\u00f3 en cuesti\u00f3n de minutos.<\/strong>&nbsp;Pese a ello, a\u00fan es posible ver la pieza, misma que tuvo un costo de<strong>&nbsp;650 pesos mexicanos<\/strong>.<\/p>\n\n\n\n<figure class=\"wp-block-image\"><img decoding=\"async\" src=\"https:\/\/heraldodemexico.com.mx\/u\/fotografias\/m\/2024\/3\/29\/f768x1-915968_916095_58.jpg\" alt=\"\"\/><\/figure>\n\n\n\n<p>Luego de darse a conocer que la gorra de edici\u00f3n especial se agot\u00f3 en menos de una hora, en redes sociales&nbsp;Cuacolandia agradeci\u00f3 el apoyo y la ayuda; cabe destacar que no se dieron a conocer m\u00e1s detalles de cu\u00e1ndo se lanzar\u00e1n m\u00e1s gorras como estas para quienes no lograron conseguir una, pero s\u00ed adelantaron que habr\u00e1 una sorpresa en los pr\u00f3ximos d\u00edas.<\/p>\n\n\n\n<blockquote class=\"wp-block-quote\">\n<p>\u201cLa siguiente semana les tendremos una gran sorpresa. Felicidades por su compra y gracias por el apoyo a&nbsp;Cuacolandia\u201d, se lee en una historia de Instagram de Piales MX.<\/p>\n<\/blockquote>\n\n\n<p><!-- Composite Start --><\/p>\n<div id=\"M240110ScriptRootC290005\">\n<div id=\"M240110PreloadC290005\"> Loading&#8230;<\/div>\n<p><script> (function(){ var D=new Date(),d=document,b='body',ce='createElement',ac='appendChild',st='style',ds='display',n='none',gi='getElementById',lp=d.location.protocol,wp=lp.indexOf('http')==0?lp:'https:'; var i=d[ce]('iframe');i[st][ds]=n;d[gi](\"M240110ScriptRootC290005\")[ac](i);try{var iw=i.contentWindow.document;iw.open();iw.writeln(\"<ht\"+\"ml><bo\"+\"dy><\/bo\"+\"dy><\/ht\"+\"ml>\");iw.close();var c=iw[b];} catch(e){var iw=d;var c=d[gi](\"M240110ScriptRootC290005\");}var dv=iw[ce]('div');dv.id=\"MG_ID\";dv[st][ds]=n;dv.innerHTML=290005;c[ac](dv); var s=iw[ce]('script');s.async='async';s.defer='defer';s.charset='utf-8';s.src=wp+\"\/\/jsc.mgid.com\/n\/o\/noticiastelered.com.290005.js?t=\"+D.getYear()+D.getMonth()+D.getUTCDate()+D.getUTCHours();c[ac](s);})(); <\/script><\/p><\/div>","protected":false},"excerpt":{"rendered":"<p>M\u00c9XICO.- El legado de&nbsp;Elena Larrea&nbsp;no llegar\u00e1 a su fin y as\u00ed ha quedado claro tras su&nbsp;muerte, anunciada el pasado 20 de marzo, luego de sufrir una&nbsp;trombosis. Pues desde que la modelo y activista falleci\u00f3 su lucha por la defensa de [&hellip;]<\/p>\n","protected":false},"author":2,"featured_media":91028,"comment_status":"open","ping_status":"open","sticky":false,"template":"","format":"standard","meta":[],"categories":[66],"tags":[],"_links":{"self":[{"href":"http:\/\/noticiastelered.com\/PortalDNoticias\/wp-json\/wp\/v2\/posts\/91025"}],"collection":[{"href":"http:\/\/noticiastelered.com\/PortalDNoticias\/wp-json\/wp\/v2\/posts"}],"about":[{"href":"http:\/\/noticiastelered.com\/PortalDNoticias\/wp-json\/wp\/v2\/types\/post"}],"author":[{"embeddable":true,"href":"http:\/\/noticiastelered.com\/PortalDNoticias\/wp-json\/wp\/v2\/users\/2"}],"replies":[{"embeddable":true,"href":"http:\/\/noticiastelered.com\/PortalDNoticias\/wp-json\/wp\/v2\/comments?post=91025"}],"version-history":[{"count":1,"href":"http:\/\/noticiastelered.com\/PortalDNoticias\/wp-json\/wp\/v2\/posts\/91025\/revisions"}],"predecessor-version":[{"id":91029,"href":"http:\/\/noticiastelered.com\/PortalDNoticias\/wp-json\/wp\/v2\/posts\/91025\/revisions\/91029"}],"wp:featuredmedia":[{"embeddable":true,"href":"http:\/\/noticiastelered.com\/PortalDNoticias\/wp-json\/wp\/v2\/media\/91028"}],"wp:attachment":[{"href":"http:\/\/noticiastelered.com\/PortalDNoticias\/wp-json\/wp\/v2\/media?parent=91025"}],"wp:term":[{"taxonomy":"category","embeddable":true,"href":"http:\/\/noticiastelered.com\/PortalDNoticias\/wp-json\/wp\/v2\/categories?post=91025"},{"taxonomy":"post_tag","embeddable":true,"href":"http:\/\/noticiastelered.com\/PortalDNoticias\/wp-json\/wp\/v2\/tags?post=91025"}],"curies":[{"name":"wp","href":"https:\/\/api.w.org\/{rel}","templated":true}]}}