{"id":90983,"date":"2024-03-29T20:25:03","date_gmt":"2024-03-29T20:25:03","guid":{"rendered":"http:\/\/noticiastelered.com\/PortalDNoticias\/?p=90983"},"modified":"2024-03-29T20:25:04","modified_gmt":"2024-03-29T20:25:04","slug":"invita-el-irca-a-disfrutar-programa-artistico-en-la-playita","status":"publish","type":"post","link":"http:\/\/noticiastelered.com\/PortalDNoticias\/invita-el-irca-a-disfrutar-programa-artistico-en-la-playita\/","title":{"rendered":"Invita el IRCA a disfrutar programa art\u00edstico en &#8220;La Playita&#8221;"},"content":{"rendered":"\n<p>El Instituto Reynosense para la Cultura y las Artes te invita a sumergirte en una tarde de m\u00fasica y entretenimiento en el escenario natural de &#8220;La Playita&#8221;, centro recreativo que presentar\u00e1 el s\u00e1bado 30 de Marzo a las 14:00 horas, las interpretaciones de Emily Arista y Luis Garc\u00eda, quienes deleitar\u00e1n al p\u00fablico con sus voces como solistas.<\/p>\n\n\n\n<p>A las 15:00 horas el grupo Sonora Punto Xtremo subir\u00e1 al escenario para infundir el ambiente con su energ\u00eda musical y para cerrar con broche de oro, a las 16:00 horas, La \u00danica Sonora, brindar\u00e1 su repertorio para deleite de todos los presentes.<\/p>\n\n\n\n<p>No te pierdas la oportunidad de disfrutar de una tarde inolvidable de m\u00fasica en un ambiente natural y relajado en &#8220;La Playita&#8221;.<\/p>\n","protected":false},"excerpt":{"rendered":"<p>El Instituto Reynosense para la Cultura y las Artes te invita a sumergirte en una tarde de m\u00fasica y entretenimiento en el escenario natural de &#8220;La Playita&#8221;, centro recreativo que presentar\u00e1 el s\u00e1bado 30 de Marzo a las 14:00 horas, [&hellip;]<\/p>\n","protected":false},"author":2,"featured_media":90987,"comment_status":"open","ping_status":"open","sticky":false,"template":"","format":"standard","meta":[],"categories":[59],"tags":[],"_links":{"self":[{"href":"http:\/\/noticiastelered.com\/PortalDNoticias\/wp-json\/wp\/v2\/posts\/90983"}],"collection":[{"href":"http:\/\/noticiastelered.com\/PortalDNoticias\/wp-json\/wp\/v2\/posts"}],"about":[{"href":"http:\/\/noticiastelered.com\/PortalDNoticias\/wp-json\/wp\/v2\/types\/post"}],"author":[{"embeddable":true,"href":"http:\/\/noticiastelered.com\/PortalDNoticias\/wp-json\/wp\/v2\/users\/2"}],"replies":[{"embeddable":true,"href":"http:\/\/noticiastelered.com\/PortalDNoticias\/wp-json\/wp\/v2\/comments?post=90983"}],"version-history":[{"count":1,"href":"http:\/\/noticiastelered.com\/PortalDNoticias\/wp-json\/wp\/v2\/posts\/90983\/revisions"}],"predecessor-version":[{"id":90988,"href":"http:\/\/noticiastelered.com\/PortalDNoticias\/wp-json\/wp\/v2\/posts\/90983\/revisions\/90988"}],"wp:featuredmedia":[{"embeddable":true,"href":"http:\/\/noticiastelered.com\/PortalDNoticias\/wp-json\/wp\/v2\/media\/90987"}],"wp:attachment":[{"href":"http:\/\/noticiastelered.com\/PortalDNoticias\/wp-json\/wp\/v2\/media?parent=90983"}],"wp:term":[{"taxonomy":"category","embeddable":true,"href":"http:\/\/noticiastelered.com\/PortalDNoticias\/wp-json\/wp\/v2\/categories?post=90983"},{"taxonomy":"post_tag","embeddable":true,"href":"http:\/\/noticiastelered.com\/PortalDNoticias\/wp-json\/wp\/v2\/tags?post=90983"}],"curies":[{"name":"wp","href":"https:\/\/api.w.org\/{rel}","templated":true}]}}