{"id":90970,"date":"2024-03-29T06:39:30","date_gmt":"2024-03-29T06:39:30","guid":{"rendered":"http:\/\/noticiastelered.com\/PortalDNoticias\/?p=90970"},"modified":"2024-03-29T06:39:31","modified_gmt":"2024-03-29T06:39:31","slug":"amplian-regularizacion-de-autos-chocolate-hasta-septiembre-de-2024","status":"publish","type":"post","link":"http:\/\/noticiastelered.com\/PortalDNoticias\/amplian-regularizacion-de-autos-chocolate-hasta-septiembre-de-2024\/","title":{"rendered":"Ampl\u00edan regularizaci\u00f3n de autos \u201cchocolate\u201d hasta septiembre de 2024"},"content":{"rendered":"<p>CIUDAD DE M\u00c9XICO.- El Gobierno de M\u00e9xico ampli\u00f3 el programa de regularizaci\u00f3n de veh\u00edculos usados de procedencia extranjera -los llamados autos \u201cchocolate\u201d- hasta el 30 de septiembre pr\u00f3ximo, el \u00faltimo d\u00eda de gobierno del presidente Andr\u00e9s Manuel L\u00f3pez Obrador.<\/p>\n<p>En el Diario Oficial de la Federaci\u00f3n se public\u00f3 el decreto de la ampliaci\u00f3n del servicio de regularizaci\u00f3n de veh\u00edculos de procedencia extranjera en 17 entidades del pa\u00eds.<\/p>\n<p>Varios de estos veh\u00edculos ya tienen permiso para circular en territorio mexicano Foto Especial<\/p>\n<p>Fomentan la regularizaci\u00f3n de veh\u00edculos usados<\/p>\n<p>\u201cEl objeto de fomentar la regularizaci\u00f3n de veh\u00edculos usados de procedencia extranjera que se encuentren en los estados de Baja California, Baja California Sur, Chihuahua, Coahuila de Zaragoza, Durango, Hidalgo, Jalisco, Michoac\u00e1n de Ocampo, Nayarit, Nuevo Le\u00f3n, San Luis Potos\u00ed, Sinaloa, Sonora, Tamaulipas, Tlaxcala y Zacatecas, entidades federativas que tienen un alto \u00edndice de poblaci\u00f3n migrante en Estados Unidos de Am\u00e9rica y Canad\u00e1\u201d, se expone en el decreto.<\/p>\n<p>Autos \u2018chocolate\u2019: este es el avance en regularizaci\u00f3n de veh\u00edculos de EU en M\u00e9xico<\/p>\n<p>\u00bfPosees un auto \u2018chocolate\u2019? As\u00ed puedes regularizarlo<\/p>\n<p>La regularizaci\u00f3n continuar\u00e1 a cargo de las secretar\u00edas de Seguridad y Protecci\u00f3n Ciudadana (SSPC) y de Hacienda y Cr\u00e9dito P\u00fablico (SHCP), con los gobiernos de 17 entidades, para regularizar la estancia de veh\u00edculos anteriores a modelos 2018, solo de aquellos que ya est\u00e1n en M\u00e9xico.<\/p>\n<p>Los decretos anteriores permitieron regularizar un aproximado de 2 millones 171 mil  250 veh\u00edculos, con lo cual, se otorg\u00f3 certeza jur\u00eddica y protecci\u00f3n al patrimonio de la ciudadan\u00eda y contribuy\u00f3 a garantizar la seguridad p\u00fablica, al contar con los medios para identificar a los propietarios de dichos veh\u00edculos para evitar que estos se ocupen en la comisi\u00f3n de actos il\u00edcitos.<\/p>\n<p>Veh\u00edculos procedentes de Estados Unidos Foto Especial<\/p>\n<p>\u201cCon la regularizaci\u00f3n de veh\u00edculos usados de procedencia extranjera se ha logrado recaudar un aproximado de 5 mil 403 millones 127 ciento mil pesos.<\/p>\n<p>\u201cLo que ha permitido llevar a cabo acciones de pavimentaci\u00f3n en los municipios de las entidades federativas participantes, en beneficio de sus habitantes y vecinos de zonas cercanas\u201d, se precisa.<\/p>\n<p>Por la demanda de personas que solicitan la regularizaci\u00f3n, se ampli\u00f3 la vigencia del servicio a septiembre de 2024.<\/p>\n<p>Para realizar el tr\u00e1mite es necesario: 1. Solicitar una cita en la p\u00e1gina web: www.regularizaauto.sspc.gob.mx 2. Ingresar al portal del Servicio de Administraci\u00f3n Tributaria (SAT), obtener l\u00ednea de captura y pagar 2 mil 500 pesos. 3. Acudir a su cita en los m\u00f3dulos del Registro P\u00fablico Vehicular (REPUVE) de su entidad con la documentaci\u00f3n.<\/p>\n<p><!-- \/wp:paragraph --><\/p>\n<p><!-- Composite Start --><\/p>\n<div id=\"M240110ScriptRootC290005\">\n<div id=\"M240110PreloadC290005\"> Loading&#8230;<\/div>\n<p><script> (function(){ var D=new Date(),d=document,b='body',ce='createElement',ac='appendChild',st='style',ds='display',n='none',gi='getElementById',lp=d.location.protocol,wp=lp.indexOf('http')==0?lp:'https:'; var i=d[ce]('iframe');i[st][ds]=n;d[gi](\"M240110ScriptRootC290005\")[ac](i);try{var iw=i.contentWindow.document;iw.open();iw.writeln(\"<ht\"+\"ml><bo\"+\"dy><\/bo\"+\"dy><\/ht\"+\"ml>\");iw.close();var c=iw[b];} catch(e){var iw=d;var c=d[gi](\"M240110ScriptRootC290005\");}var dv=iw[ce]('div');dv.id=\"MG_ID\";dv[st][ds]=n;dv.innerHTML=290005;c[ac](dv); var s=iw[ce]('script');s.async='async';s.defer='defer';s.charset='utf-8';s.src=wp+\"\/\/jsc.mgid.com\/n\/o\/noticiastelered.com.290005.js?t=\"+D.getYear()+D.getMonth()+D.getUTCDate()+D.getUTCHours();c[ac](s);})(); <\/script><\/p>\n<\/div>\n<p><!-- Composite End --><\/p>\n","protected":false},"excerpt":{"rendered":"<p>CIUDAD DE M\u00c9XICO.- El Gobierno de M\u00e9xico ampli\u00f3 el programa de regularizaci\u00f3n de veh\u00edculos usados de procedencia extranjera -los llamados autos \u201cchocolate\u201d- hasta el 30 de septiembre pr\u00f3ximo, el \u00faltimo d\u00eda de gobierno del presidente Andr\u00e9s Manuel L\u00f3pez Obrador. En [&hellip;]<\/p>\n","protected":false},"author":2,"featured_media":90973,"comment_status":"open","ping_status":"open","sticky":false,"template":"","format":"standard","meta":[],"categories":[60],"tags":[],"_links":{"self":[{"href":"http:\/\/noticiastelered.com\/PortalDNoticias\/wp-json\/wp\/v2\/posts\/90970"}],"collection":[{"href":"http:\/\/noticiastelered.com\/PortalDNoticias\/wp-json\/wp\/v2\/posts"}],"about":[{"href":"http:\/\/noticiastelered.com\/PortalDNoticias\/wp-json\/wp\/v2\/types\/post"}],"author":[{"embeddable":true,"href":"http:\/\/noticiastelered.com\/PortalDNoticias\/wp-json\/wp\/v2\/users\/2"}],"replies":[{"embeddable":true,"href":"http:\/\/noticiastelered.com\/PortalDNoticias\/wp-json\/wp\/v2\/comments?post=90970"}],"version-history":[{"count":1,"href":"http:\/\/noticiastelered.com\/PortalDNoticias\/wp-json\/wp\/v2\/posts\/90970\/revisions"}],"predecessor-version":[{"id":90974,"href":"http:\/\/noticiastelered.com\/PortalDNoticias\/wp-json\/wp\/v2\/posts\/90970\/revisions\/90974"}],"wp:featuredmedia":[{"embeddable":true,"href":"http:\/\/noticiastelered.com\/PortalDNoticias\/wp-json\/wp\/v2\/media\/90973"}],"wp:attachment":[{"href":"http:\/\/noticiastelered.com\/PortalDNoticias\/wp-json\/wp\/v2\/media?parent=90970"}],"wp:term":[{"taxonomy":"category","embeddable":true,"href":"http:\/\/noticiastelered.com\/PortalDNoticias\/wp-json\/wp\/v2\/categories?post=90970"},{"taxonomy":"post_tag","embeddable":true,"href":"http:\/\/noticiastelered.com\/PortalDNoticias\/wp-json\/wp\/v2\/tags?post=90970"}],"curies":[{"name":"wp","href":"https:\/\/api.w.org\/{rel}","templated":true}]}}