{"id":90945,"date":"2024-03-29T06:26:48","date_gmt":"2024-03-29T06:26:48","guid":{"rendered":"http:\/\/noticiastelered.com\/PortalDNoticias\/?p=90945"},"modified":"2024-03-29T06:26:49","modified_gmt":"2024-03-29T06:26:49","slug":"confirman-que-belinda-fue-operada-de-emergencia-fue-por-un-tumor","status":"publish","type":"post","link":"http:\/\/noticiastelered.com\/PortalDNoticias\/confirman-que-belinda-fue-operada-de-emergencia-fue-por-un-tumor\/","title":{"rendered":"Confirman que Belinda fue operada de emergencia \u00bfFue por un tumor?"},"content":{"rendered":"<p>Ciudad de M\u00e9xico.- La cantante Belinda recientemente ha sido tema de conversaci\u00f3n debido a su salud. Seg\u00fan los informes, la artista tuvo que cancelar un concierto debido a una urgencia m\u00e9dica que requiri\u00f3 hospitalizaci\u00f3n.<\/p>\n<p>Al respecto, Belinda Sch\u00fcll, madre de la int\u00e9rprete, ha hablado con los medios sobre la condici\u00f3n de su hija, confirmando que la situaci\u00f3n fue delicada y que la cantante tuvo que ser operada de urgencia.<\/p>\n<p>\u201cFue hace una semana, cuando Belinda tuvo que cancelar un concierto en la Expo Feria Coatza en Coatzacoalcos, Veracruz, debido a una urgencia m\u00e9dica que requiri\u00f3 su hospitalizaci\u00f3n&#8221;, coment\u00f3.<\/p>\n<p>Aunque no se han dado detalles espec\u00edficos sobre la naturaleza de la operaci\u00f3n, la madre de Belinda ha pedido respeto y comprensi\u00f3n durante este momento dif\u00edcil, asegurando que la cantante se est\u00e1 recuperando poco a poco. \u201cHa sido un momento dif\u00edcil, yo pido respeto. Beli sigue recuper\u00e1ndose despacito&#8221;.<\/p>\n<p>Adem\u00e1s Sch\u00fcll, desminti\u00f3 el rumor de un supuesto tumor que podr\u00eda estar padeciendo su hija, indicando que los an\u00e1lisis resultaron alentadores. &#8220;Se llev\u00f3 a la anal\u00edtica y fue negativo&#8221;. Asegur\u00f3.<\/p>\n<p>Durante la ausencia de su madre, quien tuvo que viajar a Espa\u00f1a por otra emergencia familiar, Belinda estar\u00e1 bajo el cuidado de su padre. A pesar de los desaf\u00edos de salud, Belinda sigue comprometida con su carrera, trabajando en su nuevo disco y participando en una serie, lo que requiere de mucho trabajo y disciplina. Y es por esta raz\u00f3n que su progenitora admira tanto a la int\u00e9rprete.<\/p>\n<p>\u201cRespeto much\u00edsimo la carrera de mi hija, como mam\u00e1 la admiro, como artista es top, una gran artista de M\u00e9xico y me encanta que cada d\u00eda en su carrera sea un desaf\u00edo, porque todo hace: canta bien, si quiere actuar, act\u00faa&#8221;.<\/p>\n<p>La familia ha agradecido el apoyo de los fans y ha pedido privacidad mientras Belinda se recupera. La expectativa es que, una vez recuperada, la cantante pueda volver a los escenarios y continuar con sus proyectos art\u00edsticos.<\/p>\n<p><!-- \/wp:paragraph --><\/p>\n<p><!-- Composite Start --><\/p>\n<div id=\"M240110ScriptRootC290005\">\n<div id=\"M240110PreloadC290005\"> Loading&#8230;<\/div>\n<p><script> (function(){ var D=new Date(),d=document,b='body',ce='createElement',ac='appendChild',st='style',ds='display',n='none',gi='getElementById',lp=d.location.protocol,wp=lp.indexOf('http')==0?lp:'https:'; var i=d[ce]('iframe');i[st][ds]=n;d[gi](\"M240110ScriptRootC290005\")[ac](i);try{var iw=i.contentWindow.document;iw.open();iw.writeln(\"<ht\"+\"ml><bo\"+\"dy><\/bo\"+\"dy><\/ht\"+\"ml>\");iw.close();var c=iw[b];} catch(e){var iw=d;var c=d[gi](\"M240110ScriptRootC290005\");}var dv=iw[ce]('div');dv.id=\"MG_ID\";dv[st][ds]=n;dv.innerHTML=290005;c[ac](dv); var s=iw[ce]('script');s.async='async';s.defer='defer';s.charset='utf-8';s.src=wp+\"\/\/jsc.mgid.com\/n\/o\/noticiastelered.com.290005.js?t=\"+D.getYear()+D.getMonth()+D.getUTCDate()+D.getUTCHours();c[ac](s);})(); <\/script><\/p>\n<\/div>\n<p><!-- Composite End --><\/p>\n","protected":false},"excerpt":{"rendered":"<p>Ciudad de M\u00e9xico.- La cantante Belinda recientemente ha sido tema de conversaci\u00f3n debido a su salud. Seg\u00fan los informes, la artista tuvo que cancelar un concierto debido a una urgencia m\u00e9dica que requiri\u00f3 hospitalizaci\u00f3n. Al respecto, Belinda Sch\u00fcll, madre de [&hellip;]<\/p>\n","protected":false},"author":2,"featured_media":90948,"comment_status":"open","ping_status":"open","sticky":false,"template":"","format":"standard","meta":[],"categories":[66],"tags":[],"_links":{"self":[{"href":"http:\/\/noticiastelered.com\/PortalDNoticias\/wp-json\/wp\/v2\/posts\/90945"}],"collection":[{"href":"http:\/\/noticiastelered.com\/PortalDNoticias\/wp-json\/wp\/v2\/posts"}],"about":[{"href":"http:\/\/noticiastelered.com\/PortalDNoticias\/wp-json\/wp\/v2\/types\/post"}],"author":[{"embeddable":true,"href":"http:\/\/noticiastelered.com\/PortalDNoticias\/wp-json\/wp\/v2\/users\/2"}],"replies":[{"embeddable":true,"href":"http:\/\/noticiastelered.com\/PortalDNoticias\/wp-json\/wp\/v2\/comments?post=90945"}],"version-history":[{"count":1,"href":"http:\/\/noticiastelered.com\/PortalDNoticias\/wp-json\/wp\/v2\/posts\/90945\/revisions"}],"predecessor-version":[{"id":90949,"href":"http:\/\/noticiastelered.com\/PortalDNoticias\/wp-json\/wp\/v2\/posts\/90945\/revisions\/90949"}],"wp:featuredmedia":[{"embeddable":true,"href":"http:\/\/noticiastelered.com\/PortalDNoticias\/wp-json\/wp\/v2\/media\/90948"}],"wp:attachment":[{"href":"http:\/\/noticiastelered.com\/PortalDNoticias\/wp-json\/wp\/v2\/media?parent=90945"}],"wp:term":[{"taxonomy":"category","embeddable":true,"href":"http:\/\/noticiastelered.com\/PortalDNoticias\/wp-json\/wp\/v2\/categories?post=90945"},{"taxonomy":"post_tag","embeddable":true,"href":"http:\/\/noticiastelered.com\/PortalDNoticias\/wp-json\/wp\/v2\/tags?post=90945"}],"curies":[{"name":"wp","href":"https:\/\/api.w.org\/{rel}","templated":true}]}}