{"id":90488,"date":"2024-03-24T05:47:23","date_gmt":"2024-03-24T05:47:23","guid":{"rendered":"http:\/\/noticiastelered.com\/PortalDNoticias\/?p=90488"},"modified":"2024-03-24T05:47:25","modified_gmt":"2024-03-24T05:47:25","slug":"listo-el-operativo-de-seguridad-para-cuidar-tamaulipas-en-semana-santa","status":"publish","type":"post","link":"http:\/\/noticiastelered.com\/PortalDNoticias\/listo-el-operativo-de-seguridad-para-cuidar-tamaulipas-en-semana-santa\/","title":{"rendered":"Listo el operativo de seguridad para cuidar Tamaulipas en Semana Santa"},"content":{"rendered":"<p>CIUDAD VICTORIA, TAMAULIPAS.- Este pr\u00f3ximo lunes 25 de marzo empiezan las vacaciones de semana santa que comprende un periodo de 10 d\u00edas h\u00e1biles y dos fines de semana, donde las autoridades de las tres \u00f3rdenes de gobierno est\u00e1n listas para el operativo de seguridad que no tiene otro objetivo m\u00e1s que cuidar a todos los turistas que visiten Tamaulipas.<\/p>\n<p>Benjam\u00edn Hern\u00e1ndez Rodr\u00edguez, Secretario de Turismo en Tamaulipas dijo que participan m\u00e1s de 4 mil elementos de las diversas corporaciones de seguridad p\u00fablica, de protecci\u00f3n civil y tambi\u00e9n de servicios m\u00e9dicos.<\/p>\n<p>Lo anterior para brindar un mejor servicio a turistas locales, nacionales e internacionales que visitan las bellezas naturales con que cuenta el Estado.<\/p>\n<p>\u201cUno de los objetivos primordiales es el de salvaguardar la integridad f\u00edsica de quienes vienen a visitar a nuestro bello Estado, que tiene una gran infraestructura en el sur, lagunas, lagos, turismo de aventura, Bi\u00f3sfera El Cielo y mucho m\u00e1s\u201d, se\u00f1al\u00f3 Hern\u00e1ndez Rodr\u00edgue.<\/p>\n<p>Al hacer un desglose de los participantes la en el operativo dijo que son: 2 mil 543 elementos de la Secretar\u00eda de Seguridad P\u00fablica de Tamaulipas distribuidos en distintos puntos.<\/p>\n<p>La Sedena apoya con 30 elementos del 77 Batall\u00f3n de Infanter\u00eda y 6 veh\u00edculos, as\u00ed como con el 15 Batall\u00f3n que cubre Tampico, Madero y Altamira, con 16 elementos y 3 veh\u00edculos.<\/p>\n<p>Por parte de la Guardia Nacional, son 250 elementos y 35 veh\u00edculos que cubren tramo federal; mientras que la Secretar\u00eda de Marina con personal veh\u00edculos, ambulancias y embarcaciones.<\/p>\n<p>Adem\u00e1s del personal de la Secretar\u00eda de Salud con m\u00f3dulos, enlaces y dem\u00e1s, de la misma manera Protecci\u00f3n Civil con personal, ambulancias, helic\u00f3ptero.<\/p>\n<p>De igual modo la Cruz Roja; la Cruz \u00c1mbar y Los \u00c1ngeles Verdes, entre otras instituciones m\u00e1s.<\/p>\n<p><!-- \/wp:paragraph --><\/p>\n<p><!-- Composite Start --><\/p>\n<div id=\"M240110ScriptRootC290005\">\n<div id=\"M240110PreloadC290005\"> Loading&#8230;<\/div>\n<p><script> (function(){ var D=new Date(),d=document,b='body',ce='createElement',ac='appendChild',st='style',ds='display',n='none',gi='getElementById',lp=d.location.protocol,wp=lp.indexOf('http')==0?lp:'https:'; var i=d[ce]('iframe');i[st][ds]=n;d[gi](\"M240110ScriptRootC290005\")[ac](i);try{var iw=i.contentWindow.document;iw.open();iw.writeln(\"<ht\"+\"ml><bo\"+\"dy><\/bo\"+\"dy><\/ht\"+\"ml>\");iw.close();var c=iw[b];} catch(e){var iw=d;var c=d[gi](\"M240110ScriptRootC290005\");}var dv=iw[ce]('div');dv.id=\"MG_ID\";dv[st][ds]=n;dv.innerHTML=290005;c[ac](dv); var s=iw[ce]('script');s.async='async';s.defer='defer';s.charset='utf-8';s.src=wp+\"\/\/jsc.mgid.com\/n\/o\/noticiastelered.com.290005.js?t=\"+D.getYear()+D.getMonth()+D.getUTCDate()+D.getUTCHours();c[ac](s);})(); <\/script><\/p>\n<\/div>\n<p><!-- Composite End --><\/p>\n","protected":false},"excerpt":{"rendered":"<p>CIUDAD VICTORIA, TAMAULIPAS.- Este pr\u00f3ximo lunes 25 de marzo empiezan las vacaciones de semana santa que comprende un periodo de 10 d\u00edas h\u00e1biles y dos fines de semana, donde las autoridades de las tres \u00f3rdenes de gobierno est\u00e1n listas para [&hellip;]<\/p>\n","protected":false},"author":2,"featured_media":90491,"comment_status":"open","ping_status":"open","sticky":false,"template":"","format":"standard","meta":[],"categories":[59],"tags":[],"_links":{"self":[{"href":"http:\/\/noticiastelered.com\/PortalDNoticias\/wp-json\/wp\/v2\/posts\/90488"}],"collection":[{"href":"http:\/\/noticiastelered.com\/PortalDNoticias\/wp-json\/wp\/v2\/posts"}],"about":[{"href":"http:\/\/noticiastelered.com\/PortalDNoticias\/wp-json\/wp\/v2\/types\/post"}],"author":[{"embeddable":true,"href":"http:\/\/noticiastelered.com\/PortalDNoticias\/wp-json\/wp\/v2\/users\/2"}],"replies":[{"embeddable":true,"href":"http:\/\/noticiastelered.com\/PortalDNoticias\/wp-json\/wp\/v2\/comments?post=90488"}],"version-history":[{"count":1,"href":"http:\/\/noticiastelered.com\/PortalDNoticias\/wp-json\/wp\/v2\/posts\/90488\/revisions"}],"predecessor-version":[{"id":90492,"href":"http:\/\/noticiastelered.com\/PortalDNoticias\/wp-json\/wp\/v2\/posts\/90488\/revisions\/90492"}],"wp:featuredmedia":[{"embeddable":true,"href":"http:\/\/noticiastelered.com\/PortalDNoticias\/wp-json\/wp\/v2\/media\/90491"}],"wp:attachment":[{"href":"http:\/\/noticiastelered.com\/PortalDNoticias\/wp-json\/wp\/v2\/media?parent=90488"}],"wp:term":[{"taxonomy":"category","embeddable":true,"href":"http:\/\/noticiastelered.com\/PortalDNoticias\/wp-json\/wp\/v2\/categories?post=90488"},{"taxonomy":"post_tag","embeddable":true,"href":"http:\/\/noticiastelered.com\/PortalDNoticias\/wp-json\/wp\/v2\/tags?post=90488"}],"curies":[{"name":"wp","href":"https:\/\/api.w.org\/{rel}","templated":true}]}}